{"id":5214,"date":"2019-04-11T16:29:15","date_gmt":"2019-04-11T14:29:15","guid":{"rendered":"https:\/\/arsmagna.live\/?p=5214"},"modified":"2023-08-03T16:49:56","modified_gmt":"2023-08-03T14:49:56","slug":"a-punt-directe-esglesia-de-lescola-pia","status":"publish","type":"post","link":"https:\/\/arsmagna.live\/ca\/a-punt-directe-esglesia-de-lescola-pia\/","title":{"rendered":"\u00c0 Punt Directe &#8211; Esgl\u00e9sia de l&#8217;Escola Pia"},"content":{"rendered":"<p>Connexi\u00f3 en directe del 10 d&#8217;abril de 2019, durant l&#8217;emissi\u00f3 del programa &#8220;\u00c0 Punt Directe&#8221; condu\u00eft per Carolina Ferre.<\/p>\n<div class=\"fusion-video fusion-youtube\" style=\"--awb-max-width:800px;--awb-max-height:450px;\"><div class=\"video-shortcode\"><div class=\"fluid-width-video-wrapper\" style=\"padding-top:56.25%;\" ><iframe title=\"YouTube video player 1\" src=\"https:\/\/www.youtube.com\/embed\/CBz_6Ul0IRo?wmode=transparent&autoplay=0\" width=\"800\" height=\"450\" allowfullscreen allow=\"autoplay; clipboard-write; encrypted-media; gyroscope; picture-in-picture;\"><\/iframe><\/div><\/div><\/div>\n","protected":false},"excerpt":{"rendered":"<p>Connexi\u00f3 en directe del 10 d&#8217;abril de 2019, durant l&#8217;emissi\u00f3 del programa &#8220;\u00c0 Punt Directe&#8221; condu\u00eft per Carolina Ferre.<\/p>\n","protected":false},"author":1,"featured_media":5228,"comment_status":"closed","ping_status":"closed","sticky":false,"template":"","format":"standard","meta":{"footnotes":""},"categories":[388,1,387],"tags":[],"class_list":["post-5214","post","type-post","status-publish","format-standard","has-post-thumbnail","hentry","category-entrevistas","category-sin-categoria","category-valencia"],"yoast_head":"<!-- This site is optimized with the Yoast SEO plugin v27.4 - https:\/\/yoast.com\/product\/yoast-seo-wordpress\/ -->\n<title>\u00c0 Punt Directe - Esgl\u00e9sia de l&#039;Escola Pia - ARS MAGNA<\/title>\n<meta name=\"description\" content=\"Producciones \u00fanicas en espacios \u00fanicos\" \/>\n<meta name=\"robots\" content=\"index, follow, max-snippet:-1, max-image-preview:large, max-video-preview:-1\" \/>\n<link rel=\"canonical\" href=\"https:\/\/arsmagna.live\/ca\/a-punt-directe-esglesia-de-lescola-pia\/\" \/>\n<meta property=\"og:locale\" content=\"ca_ES\" \/>\n<meta property=\"og:type\" content=\"article\" \/>\n<meta property=\"og:title\" content=\"\u00c0 Punt Directe - Esgl\u00e9sia de l&#039;Escola Pia - ARS MAGNA\" \/>\n<meta property=\"og:description\" content=\"Producciones \u00fanicas en espacios \u00fanicos\" \/>\n<meta property=\"og:url\" content=\"https:\/\/arsmagna.live\/ca\/a-punt-directe-esglesia-de-lescola-pia\/\" \/>\n<meta property=\"og:site_name\" content=\"ARS MAGNA\" \/>\n<meta property=\"article:publisher\" content=\"https:\/\/www.facebook.com\/arsmagna10\/?ref=bookmarks\" \/>\n<meta property=\"article:published_time\" content=\"2019-04-11T14:29:15+00:00\" \/>\n<meta property=\"article:modified_time\" content=\"2023-08-03T14:49:56+00:00\" \/>\n<meta property=\"og:image\" content=\"https:\/\/arsmagna.live\/wp-content\/uploads\/2019\/04\/visita-guiada-escuelas-pias-valencia-2.jpg\" \/>\n\t<meta property=\"og:image:width\" content=\"1000\" \/>\n\t<meta property=\"og:image:height\" content=\"666\" \/>\n\t<meta property=\"og:image:type\" content=\"image\/jpeg\" \/>\n<meta name=\"author\" content=\"FENIX\" \/>\n<meta name=\"twitter:card\" content=\"summary_large_image\" \/>\n<meta name=\"twitter:creator\" content=\"@ValArsMagna\" \/>\n<meta name=\"twitter:site\" content=\"@ValArsMagna\" \/>\n<meta name=\"twitter:label1\" content=\"Escrit per\" \/>\n\t<meta name=\"twitter:data1\" content=\"FENIX\" \/>\n\t<meta name=\"twitter:label2\" content=\"Temps estimat de lectura\" \/>\n\t<meta name=\"twitter:data2\" content=\"1 minut\" \/>\n<script type=\"application\/ld+json\" class=\"yoast-schema-graph\">{\"@context\":\"https:\\\/\\\/schema.org\",\"@graph\":[{\"@type\":\"Article\",\"@id\":\"https:\\\/\\\/arsmagna.live\\\/ca\\\/a-punt-directe-esglesia-de-lescola-pia\\\/#article\",\"isPartOf\":{\"@id\":\"https:\\\/\\\/arsmagna.live\\\/ca\\\/a-punt-directe-esglesia-de-lescola-pia\\\/\"},\"author\":{\"name\":\"FENIX\",\"@id\":\"https:\\\/\\\/arsmagna.live\\\/ca\\\/#\\\/schema\\\/person\\\/a590ed4d8a62cd06da253d320c16adf1\"},\"headline\":\"\u00c0 Punt Directe &#8211; Esgl\u00e9sia de l&#8217;Escola Pia\",\"datePublished\":\"2019-04-11T14:29:15+00:00\",\"dateModified\":\"2023-08-03T14:49:56+00:00\",\"mainEntityOfPage\":{\"@id\":\"https:\\\/\\\/arsmagna.live\\\/ca\\\/a-punt-directe-esglesia-de-lescola-pia\\\/\"},\"wordCount\":54,\"publisher\":{\"@id\":\"https:\\\/\\\/arsmagna.live\\\/ca\\\/#organization\"},\"image\":{\"@id\":\"https:\\\/\\\/arsmagna.live\\\/ca\\\/a-punt-directe-esglesia-de-lescola-pia\\\/#primaryimage\"},\"thumbnailUrl\":\"https:\\\/\\\/arsmagna.live\\\/wp-content\\\/uploads\\\/2019\\\/04\\\/visita-guiada-escuelas-pias-valencia-2.jpg\",\"articleSection\":[\"Entrevistas\",\"Sin categor\u00eda\",\"Valencia\"],\"inLanguage\":\"ca\"},{\"@type\":\"WebPage\",\"@id\":\"https:\\\/\\\/arsmagna.live\\\/ca\\\/a-punt-directe-esglesia-de-lescola-pia\\\/\",\"url\":\"https:\\\/\\\/arsmagna.live\\\/ca\\\/a-punt-directe-esglesia-de-lescola-pia\\\/\",\"name\":\"\u00c0 Punt Directe - Esgl\u00e9sia de l'Escola Pia - ARS MAGNA\",\"isPartOf\":{\"@id\":\"https:\\\/\\\/arsmagna.live\\\/ca\\\/#website\"},\"primaryImageOfPage\":{\"@id\":\"https:\\\/\\\/arsmagna.live\\\/ca\\\/a-punt-directe-esglesia-de-lescola-pia\\\/#primaryimage\"},\"image\":{\"@id\":\"https:\\\/\\\/arsmagna.live\\\/ca\\\/a-punt-directe-esglesia-de-lescola-pia\\\/#primaryimage\"},\"thumbnailUrl\":\"https:\\\/\\\/arsmagna.live\\\/wp-content\\\/uploads\\\/2019\\\/04\\\/visita-guiada-escuelas-pias-valencia-2.jpg\",\"datePublished\":\"2019-04-11T14:29:15+00:00\",\"dateModified\":\"2023-08-03T14:49:56+00:00\",\"description\":\"Producciones \u00fanicas en espacios \u00fanicos\",\"breadcrumb\":{\"@id\":\"https:\\\/\\\/arsmagna.live\\\/ca\\\/a-punt-directe-esglesia-de-lescola-pia\\\/#breadcrumb\"},\"inLanguage\":\"ca\",\"potentialAction\":[{\"@type\":\"ReadAction\",\"target\":[\"https:\\\/\\\/arsmagna.live\\\/ca\\\/a-punt-directe-esglesia-de-lescola-pia\\\/\"]}]},{\"@type\":\"ImageObject\",\"inLanguage\":\"ca\",\"@id\":\"https:\\\/\\\/arsmagna.live\\\/ca\\\/a-punt-directe-esglesia-de-lescola-pia\\\/#primaryimage\",\"url\":\"https:\\\/\\\/arsmagna.live\\\/wp-content\\\/uploads\\\/2019\\\/04\\\/visita-guiada-escuelas-pias-valencia-2.jpg\",\"contentUrl\":\"https:\\\/\\\/arsmagna.live\\\/wp-content\\\/uploads\\\/2019\\\/04\\\/visita-guiada-escuelas-pias-valencia-2.jpg\",\"width\":1000,\"height\":666},{\"@type\":\"BreadcrumbList\",\"@id\":\"https:\\\/\\\/arsmagna.live\\\/ca\\\/a-punt-directe-esglesia-de-lescola-pia\\\/#breadcrumb\",\"itemListElement\":[{\"@type\":\"ListItem\",\"position\":1,\"name\":\"Portada\",\"item\":\"https:\\\/\\\/arsmagna.live\\\/ca\\\/\"},{\"@type\":\"ListItem\",\"position\":2,\"name\":\"\u00c0 Punt Directe &#8211; Esgl\u00e9sia de l&#8217;Escola Pia\"}]},{\"@type\":\"WebSite\",\"@id\":\"https:\\\/\\\/arsmagna.live\\\/ca\\\/#website\",\"url\":\"https:\\\/\\\/arsmagna.live\\\/ca\\\/\",\"name\":\"ARS MAGNA\",\"description\":\"Spectacle vivant\",\"publisher\":{\"@id\":\"https:\\\/\\\/arsmagna.live\\\/ca\\\/#organization\"},\"potentialAction\":[{\"@type\":\"SearchAction\",\"target\":{\"@type\":\"EntryPoint\",\"urlTemplate\":\"https:\\\/\\\/arsmagna.live\\\/ca\\\/?s={search_term_string}\"},\"query-input\":{\"@type\":\"PropertyValueSpecification\",\"valueRequired\":true,\"valueName\":\"search_term_string\"}}],\"inLanguage\":\"ca\"},{\"@type\":\"Organization\",\"@id\":\"https:\\\/\\\/arsmagna.live\\\/ca\\\/#organization\",\"name\":\"ARS MAGNA\",\"url\":\"https:\\\/\\\/arsmagna.live\\\/ca\\\/\",\"logo\":{\"@type\":\"ImageObject\",\"inLanguage\":\"ca\",\"@id\":\"https:\\\/\\\/arsmagna.live\\\/ca\\\/#\\\/schema\\\/logo\\\/image\\\/\",\"url\":\"https:\\\/\\\/arsmagna.live\\\/wp-content\\\/uploads\\\/2025\\\/03\\\/Ars-Magna.png\",\"contentUrl\":\"https:\\\/\\\/arsmagna.live\\\/wp-content\\\/uploads\\\/2025\\\/03\\\/Ars-Magna.png\",\"width\":64,\"height\":64,\"caption\":\"ARS MAGNA\"},\"image\":{\"@id\":\"https:\\\/\\\/arsmagna.live\\\/ca\\\/#\\\/schema\\\/logo\\\/image\\\/\"},\"sameAs\":[\"https:\\\/\\\/www.facebook.com\\\/arsmagna10\\\/?ref=bookmarks\",\"https:\\\/\\\/x.com\\\/ValArsMagna\"]},{\"@type\":\"Person\",\"@id\":\"https:\\\/\\\/arsmagna.live\\\/ca\\\/#\\\/schema\\\/person\\\/a590ed4d8a62cd06da253d320c16adf1\",\"name\":\"FENIX\",\"image\":{\"@type\":\"ImageObject\",\"inLanguage\":\"ca\",\"@id\":\"https:\\\/\\\/secure.gravatar.com\\\/avatar\\\/5a86a8c6d6c200d291a0ec60dc2e36ca01128b854aeaab9fa46430a51644e2ff?s=96&d=mm&r=g\",\"url\":\"https:\\\/\\\/secure.gravatar.com\\\/avatar\\\/5a86a8c6d6c200d291a0ec60dc2e36ca01128b854aeaab9fa46430a51644e2ff?s=96&d=mm&r=g\",\"contentUrl\":\"https:\\\/\\\/secure.gravatar.com\\\/avatar\\\/5a86a8c6d6c200d291a0ec60dc2e36ca01128b854aeaab9fa46430a51644e2ff?s=96&d=mm&r=g\",\"caption\":\"FENIX\"}}]}<\/script>\n<!-- \/ Yoast SEO plugin. -->","yoast_head_json":{"title":"\u00c0 Punt Directe - Esgl\u00e9sia de l'Escola Pia - ARS MAGNA","description":"Producciones \u00fanicas en espacios \u00fanicos","robots":{"index":"index","follow":"follow","max-snippet":"max-snippet:-1","max-image-preview":"max-image-preview:large","max-video-preview":"max-video-preview:-1"},"canonical":"https:\/\/arsmagna.live\/ca\/a-punt-directe-esglesia-de-lescola-pia\/","og_locale":"ca_ES","og_type":"article","og_title":"\u00c0 Punt Directe - Esgl\u00e9sia de l'Escola Pia - ARS MAGNA","og_description":"Producciones \u00fanicas en espacios \u00fanicos","og_url":"https:\/\/arsmagna.live\/ca\/a-punt-directe-esglesia-de-lescola-pia\/","og_site_name":"ARS MAGNA","article_publisher":"https:\/\/www.facebook.com\/arsmagna10\/?ref=bookmarks","article_published_time":"2019-04-11T14:29:15+00:00","article_modified_time":"2023-08-03T14:49:56+00:00","og_image":[{"width":1000,"height":666,"url":"https:\/\/arsmagna.live\/wp-content\/uploads\/2019\/04\/visita-guiada-escuelas-pias-valencia-2.jpg","type":"image\/jpeg"}],"author":"FENIX","twitter_card":"summary_large_image","twitter_creator":"@ValArsMagna","twitter_site":"@ValArsMagna","twitter_misc":{"Escrit per":"FENIX","Temps estimat de lectura":"1 minut"},"schema":{"@context":"https:\/\/schema.org","@graph":[{"@type":"Article","@id":"https:\/\/arsmagna.live\/ca\/a-punt-directe-esglesia-de-lescola-pia\/#article","isPartOf":{"@id":"https:\/\/arsmagna.live\/ca\/a-punt-directe-esglesia-de-lescola-pia\/"},"author":{"name":"FENIX","@id":"https:\/\/arsmagna.live\/ca\/#\/schema\/person\/a590ed4d8a62cd06da253d320c16adf1"},"headline":"\u00c0 Punt Directe &#8211; Esgl\u00e9sia de l&#8217;Escola Pia","datePublished":"2019-04-11T14:29:15+00:00","dateModified":"2023-08-03T14:49:56+00:00","mainEntityOfPage":{"@id":"https:\/\/arsmagna.live\/ca\/a-punt-directe-esglesia-de-lescola-pia\/"},"wordCount":54,"publisher":{"@id":"https:\/\/arsmagna.live\/ca\/#organization"},"image":{"@id":"https:\/\/arsmagna.live\/ca\/a-punt-directe-esglesia-de-lescola-pia\/#primaryimage"},"thumbnailUrl":"https:\/\/arsmagna.live\/wp-content\/uploads\/2019\/04\/visita-guiada-escuelas-pias-valencia-2.jpg","articleSection":["Entrevistas","Sin categor\u00eda","Valencia"],"inLanguage":"ca"},{"@type":"WebPage","@id":"https:\/\/arsmagna.live\/ca\/a-punt-directe-esglesia-de-lescola-pia\/","url":"https:\/\/arsmagna.live\/ca\/a-punt-directe-esglesia-de-lescola-pia\/","name":"\u00c0 Punt Directe - Esgl\u00e9sia de l'Escola Pia - ARS MAGNA","isPartOf":{"@id":"https:\/\/arsmagna.live\/ca\/#website"},"primaryImageOfPage":{"@id":"https:\/\/arsmagna.live\/ca\/a-punt-directe-esglesia-de-lescola-pia\/#primaryimage"},"image":{"@id":"https:\/\/arsmagna.live\/ca\/a-punt-directe-esglesia-de-lescola-pia\/#primaryimage"},"thumbnailUrl":"https:\/\/arsmagna.live\/wp-content\/uploads\/2019\/04\/visita-guiada-escuelas-pias-valencia-2.jpg","datePublished":"2019-04-11T14:29:15+00:00","dateModified":"2023-08-03T14:49:56+00:00","description":"Producciones \u00fanicas en espacios \u00fanicos","breadcrumb":{"@id":"https:\/\/arsmagna.live\/ca\/a-punt-directe-esglesia-de-lescola-pia\/#breadcrumb"},"inLanguage":"ca","potentialAction":[{"@type":"ReadAction","target":["https:\/\/arsmagna.live\/ca\/a-punt-directe-esglesia-de-lescola-pia\/"]}]},{"@type":"ImageObject","inLanguage":"ca","@id":"https:\/\/arsmagna.live\/ca\/a-punt-directe-esglesia-de-lescola-pia\/#primaryimage","url":"https:\/\/arsmagna.live\/wp-content\/uploads\/2019\/04\/visita-guiada-escuelas-pias-valencia-2.jpg","contentUrl":"https:\/\/arsmagna.live\/wp-content\/uploads\/2019\/04\/visita-guiada-escuelas-pias-valencia-2.jpg","width":1000,"height":666},{"@type":"BreadcrumbList","@id":"https:\/\/arsmagna.live\/ca\/a-punt-directe-esglesia-de-lescola-pia\/#breadcrumb","itemListElement":[{"@type":"ListItem","position":1,"name":"Portada","item":"https:\/\/arsmagna.live\/ca\/"},{"@type":"ListItem","position":2,"name":"\u00c0 Punt Directe &#8211; Esgl\u00e9sia de l&#8217;Escola Pia"}]},{"@type":"WebSite","@id":"https:\/\/arsmagna.live\/ca\/#website","url":"https:\/\/arsmagna.live\/ca\/","name":"ARS MAGNA","description":"Spectacle vivant","publisher":{"@id":"https:\/\/arsmagna.live\/ca\/#organization"},"potentialAction":[{"@type":"SearchAction","target":{"@type":"EntryPoint","urlTemplate":"https:\/\/arsmagna.live\/ca\/?s={search_term_string}"},"query-input":{"@type":"PropertyValueSpecification","valueRequired":true,"valueName":"search_term_string"}}],"inLanguage":"ca"},{"@type":"Organization","@id":"https:\/\/arsmagna.live\/ca\/#organization","name":"ARS MAGNA","url":"https:\/\/arsmagna.live\/ca\/","logo":{"@type":"ImageObject","inLanguage":"ca","@id":"https:\/\/arsmagna.live\/ca\/#\/schema\/logo\/image\/","url":"https:\/\/arsmagna.live\/wp-content\/uploads\/2025\/03\/Ars-Magna.png","contentUrl":"https:\/\/arsmagna.live\/wp-content\/uploads\/2025\/03\/Ars-Magna.png","width":64,"height":64,"caption":"ARS MAGNA"},"image":{"@id":"https:\/\/arsmagna.live\/ca\/#\/schema\/logo\/image\/"},"sameAs":["https:\/\/www.facebook.com\/arsmagna10\/?ref=bookmarks","https:\/\/x.com\/ValArsMagna"]},{"@type":"Person","@id":"https:\/\/arsmagna.live\/ca\/#\/schema\/person\/a590ed4d8a62cd06da253d320c16adf1","name":"FENIX","image":{"@type":"ImageObject","inLanguage":"ca","@id":"https:\/\/secure.gravatar.com\/avatar\/5a86a8c6d6c200d291a0ec60dc2e36ca01128b854aeaab9fa46430a51644e2ff?s=96&d=mm&r=g","url":"https:\/\/secure.gravatar.com\/avatar\/5a86a8c6d6c200d291a0ec60dc2e36ca01128b854aeaab9fa46430a51644e2ff?s=96&d=mm&r=g","contentUrl":"https:\/\/secure.gravatar.com\/avatar\/5a86a8c6d6c200d291a0ec60dc2e36ca01128b854aeaab9fa46430a51644e2ff?s=96&d=mm&r=g","caption":"FENIX"}}]}},"_links":{"self":[{"href":"https:\/\/arsmagna.live\/ca\/wp-json\/wp\/v2\/posts\/5214","targetHints":{"allow":["GET"]}}],"collection":[{"href":"https:\/\/arsmagna.live\/ca\/wp-json\/wp\/v2\/posts"}],"about":[{"href":"https:\/\/arsmagna.live\/ca\/wp-json\/wp\/v2\/types\/post"}],"author":[{"embeddable":true,"href":"https:\/\/arsmagna.live\/ca\/wp-json\/wp\/v2\/users\/1"}],"replies":[{"embeddable":true,"href":"https:\/\/arsmagna.live\/ca\/wp-json\/wp\/v2\/comments?post=5214"}],"version-history":[{"count":6,"href":"https:\/\/arsmagna.live\/ca\/wp-json\/wp\/v2\/posts\/5214\/revisions"}],"predecessor-version":[{"id":5253,"href":"https:\/\/arsmagna.live\/ca\/wp-json\/wp\/v2\/posts\/5214\/revisions\/5253"}],"wp:featuredmedia":[{"embeddable":true,"href":"https:\/\/arsmagna.live\/ca\/wp-json\/wp\/v2\/media\/5228"}],"wp:attachment":[{"href":"https:\/\/arsmagna.live\/ca\/wp-json\/wp\/v2\/media?parent=5214"}],"wp:term":[{"taxonomy":"category","embeddable":true,"href":"https:\/\/arsmagna.live\/ca\/wp-json\/wp\/v2\/categories?post=5214"},{"taxonomy":"post_tag","embeddable":true,"href":"https:\/\/arsmagna.live\/ca\/wp-json\/wp\/v2\/tags?post=5214"}],"curies":[{"name":"wp","href":"https:\/\/api.w.org\/{rel}","templated":true}]}}