{"id":432,"date":"2018-06-25T17:08:46","date_gmt":"2018-06-25T15:08:46","guid":{"rendered":"https:\/\/arsmagna.live\/?p=432"},"modified":"2023-05-21T18:17:51","modified_gmt":"2023-05-21T16:17:51","slug":"presentacion-del-nuevo-instituto-seda-espana","status":"publish","type":"post","link":"https:\/\/arsmagna.live\/ca\/presentacion-del-nuevo-instituto-seda-espana\/","title":{"rendered":"Presentaci\u00f3n del nuevo Instituto Seda Espa\u00f1a"},"content":{"rendered":"<div class=\"\">\n<div class=\"\"><img decoding=\"async\" class=\"lazyload wp-image-433 alignleft\" src=\"https:\/\/arsmagna.live\/wp-content\/uploads\/2018\/09\/instituto-seda-espana-valencia.jpg\" data-orig-src=\"https:\/\/arsmagna.live\/wp-content\/uploads\/2018\/09\/instituto-seda-espana-valencia.jpg\" alt=\"\" width=\"500\" height=\"375\" srcset=\"data:image\/svg+xml,%3Csvg%20xmlns%3D%27http%3A%2F%2Fwww.w3.org%2F2000%2Fsvg%27%20width%3D%27500%27%20height%3D%27375%27%20viewBox%3D%270%200%20500%20375%27%3E%3Crect%20width%3D%27500%27%20height%3D%27375%27%20fill-opacity%3D%220%22%2F%3E%3C%2Fsvg%3E\" data-srcset=\"https:\/\/arsmagna.live\/wp-content\/uploads\/2018\/09\/instituto-seda-espana-valencia-200x150.jpg 200w, https:\/\/arsmagna.live\/wp-content\/uploads\/2018\/09\/instituto-seda-espana-valencia-300x225.jpg 300w, https:\/\/arsmagna.live\/wp-content\/uploads\/2018\/09\/instituto-seda-espana-valencia-400x300.jpg 400w, https:\/\/arsmagna.live\/wp-content\/uploads\/2018\/09\/instituto-seda-espana-valencia-500x375.jpg 500w, https:\/\/arsmagna.live\/wp-content\/uploads\/2018\/09\/instituto-seda-espana-valencia-600x450.jpg 600w, https:\/\/arsmagna.live\/wp-content\/uploads\/2018\/09\/instituto-seda-espana-valencia-700x525.jpg 700w, https:\/\/arsmagna.live\/wp-content\/uploads\/2018\/09\/instituto-seda-espana-valencia-768x576.jpg 768w, https:\/\/arsmagna.live\/wp-content\/uploads\/2018\/09\/instituto-seda-espana-valencia-800x600.jpg 800w, https:\/\/arsmagna.live\/wp-content\/uploads\/2018\/09\/instituto-seda-espana-valencia-1024x768.jpg 1024w, https:\/\/arsmagna.live\/wp-content\/uploads\/2018\/09\/instituto-seda-espana-valencia-1200x900.jpg 1200w, https:\/\/arsmagna.live\/wp-content\/uploads\/2018\/09\/instituto-seda-espana-valencia.jpg 1600w\" data-sizes=\"auto\" data-orig-sizes=\"(max-width: 500px) 100vw, 500px\" \/>El equipo de Valentia Ars Magna asisti\u00f3 como invitado a la presentaci\u00f3n del Instituto Seda Espa\u00f1a que tuvo lugar el pasado 19 de junio en Madrid con la participaci\u00f3n de D. Federico Mayor Zaragoza (Presidente de Honor del Instituto), D. Francesc Colomer (Secretario Auton\u00f3mico de Turismo de la Generalitat Valenciana), D. Jos\u00e9 Mar\u00eda Chiquillo (Presidente de Unesco Silk Road On Line Platform), D. Miguel \u00c1ngel Moratinos (Presidente de la Fundaci\u00f3n Onuart), D. Fernando Molina (Presidente del ISE y director de Silk Spain Travel) y D. Enrique Gaspar (Vicepresidente del ISE y presidente de Nexos-Alianza).<\/div>\n<\/div>\n<div class=\"\"><\/div>\n<div class=\"\">Fueron planteadas las futuras actuaciones contempladas por la nueva instituci\u00f3n, dentro del marco multicultural formado por los pa\u00edses participantes\u00a0y en torno a la seda como hilo conductor a diferentes niveles, especialmente el tur\u00edstico.<\/div>\n<div><\/div>\n<div><\/div>\n<div><\/div>\n","protected":false},"excerpt":{"rendered":"<p>El equipo de Valentia Ars Magna asisti\u00f3 como invitado a la presentaci\u00f3n del Instituto Seda Espa\u00f1a que tuvo lugar el pasado 19 de junio en Madrid con la participaci\u00f3n de D. Federico Mayor Zaragoza (Presidente de Honor del Instituto), D.  [&#8230;]<\/p>\n","protected":false},"author":1,"featured_media":522,"comment_status":"closed","ping_status":"closed","sticky":false,"template":"","format":"standard","meta":{"footnotes":""},"categories":[13,38,1],"tags":[],"class_list":["post-432","post","type-post","status-publish","format-standard","has-post-thumbnail","hentry","category-eventos","category-monumentos","category-sin-categoria"],"yoast_head":"<!-- This site is optimized with the Yoast SEO plugin v27.4 - https:\/\/yoast.com\/product\/yoast-seo-wordpress\/ -->\n<title>Presentaci\u00f3n del nuevo Instituto Seda Espa\u00f1a - ARS MAGNA<\/title>\n<meta name=\"description\" content=\"Producciones \u00fanicas en espacios \u00fanicos\" \/>\n<meta name=\"robots\" content=\"index, follow, max-snippet:-1, max-image-preview:large, max-video-preview:-1\" \/>\n<link rel=\"canonical\" href=\"https:\/\/arsmagna.live\/ca\/presentacion-del-nuevo-instituto-seda-espana\/\" \/>\n<meta property=\"og:locale\" content=\"ca_ES\" \/>\n<meta property=\"og:type\" content=\"article\" \/>\n<meta property=\"og:title\" content=\"Presentaci\u00f3n del nuevo Instituto Seda Espa\u00f1a - ARS MAGNA\" \/>\n<meta property=\"og:description\" content=\"Producciones \u00fanicas en espacios \u00fanicos\" \/>\n<meta property=\"og:url\" content=\"https:\/\/arsmagna.live\/ca\/presentacion-del-nuevo-instituto-seda-espana\/\" \/>\n<meta property=\"og:site_name\" content=\"ARS MAGNA\" \/>\n<meta property=\"article:publisher\" content=\"https:\/\/www.facebook.com\/arsmagna10\/?ref=bookmarks\" \/>\n<meta property=\"article:published_time\" content=\"2018-06-25T15:08:46+00:00\" \/>\n<meta property=\"article:modified_time\" content=\"2023-05-21T16:17:51+00:00\" \/>\n<meta property=\"og:image\" content=\"https:\/\/arsmagna.live\/wp-content\/uploads\/2018\/06\/francesc-colomer-valentia-ars-magna2.jpg\" \/>\n\t<meta property=\"og:image:width\" content=\"1000\" \/>\n\t<meta property=\"og:image:height\" content=\"667\" \/>\n\t<meta property=\"og:image:type\" content=\"image\/jpeg\" \/>\n<meta name=\"author\" content=\"FENIX\" \/>\n<meta name=\"twitter:card\" content=\"summary_large_image\" \/>\n<meta name=\"twitter:creator\" content=\"@ValArsMagna\" \/>\n<meta name=\"twitter:site\" content=\"@ValArsMagna\" \/>\n<meta name=\"twitter:label1\" content=\"Escrit per\" \/>\n\t<meta name=\"twitter:data1\" content=\"FENIX\" \/>\n\t<meta name=\"twitter:label2\" content=\"Temps estimat de lectura\" \/>\n\t<meta name=\"twitter:data2\" content=\"1 minut\" \/>\n<script type=\"application\/ld+json\" class=\"yoast-schema-graph\">{\"@context\":\"https:\\\/\\\/schema.org\",\"@graph\":[{\"@type\":\"Article\",\"@id\":\"https:\\\/\\\/arsmagna.live\\\/ca\\\/presentacion-del-nuevo-instituto-seda-espana\\\/#article\",\"isPartOf\":{\"@id\":\"https:\\\/\\\/arsmagna.live\\\/ca\\\/presentacion-del-nuevo-instituto-seda-espana\\\/\"},\"author\":{\"name\":\"FENIX\",\"@id\":\"https:\\\/\\\/arsmagna.live\\\/ca\\\/#\\\/schema\\\/person\\\/a590ed4d8a62cd06da253d320c16adf1\"},\"headline\":\"Presentaci\u00f3n del nuevo Instituto Seda Espa\u00f1a\",\"datePublished\":\"2018-06-25T15:08:46+00:00\",\"dateModified\":\"2023-05-21T16:17:51+00:00\",\"mainEntityOfPage\":{\"@id\":\"https:\\\/\\\/arsmagna.live\\\/ca\\\/presentacion-del-nuevo-instituto-seda-espana\\\/\"},\"wordCount\":144,\"publisher\":{\"@id\":\"https:\\\/\\\/arsmagna.live\\\/ca\\\/#organization\"},\"image\":{\"@id\":\"https:\\\/\\\/arsmagna.live\\\/ca\\\/presentacion-del-nuevo-instituto-seda-espana\\\/#primaryimage\"},\"thumbnailUrl\":\"https:\\\/\\\/arsmagna.live\\\/wp-content\\\/uploads\\\/2018\\\/06\\\/francesc-colomer-valentia-ars-magna2.jpg\",\"articleSection\":[\"Eventos\",\"Monumentos\",\"Sin categor\u00eda\"],\"inLanguage\":\"ca\"},{\"@type\":\"WebPage\",\"@id\":\"https:\\\/\\\/arsmagna.live\\\/ca\\\/presentacion-del-nuevo-instituto-seda-espana\\\/\",\"url\":\"https:\\\/\\\/arsmagna.live\\\/ca\\\/presentacion-del-nuevo-instituto-seda-espana\\\/\",\"name\":\"Presentaci\u00f3n del nuevo Instituto Seda Espa\u00f1a - ARS MAGNA\",\"isPartOf\":{\"@id\":\"https:\\\/\\\/arsmagna.live\\\/ca\\\/#website\"},\"primaryImageOfPage\":{\"@id\":\"https:\\\/\\\/arsmagna.live\\\/ca\\\/presentacion-del-nuevo-instituto-seda-espana\\\/#primaryimage\"},\"image\":{\"@id\":\"https:\\\/\\\/arsmagna.live\\\/ca\\\/presentacion-del-nuevo-instituto-seda-espana\\\/#primaryimage\"},\"thumbnailUrl\":\"https:\\\/\\\/arsmagna.live\\\/wp-content\\\/uploads\\\/2018\\\/06\\\/francesc-colomer-valentia-ars-magna2.jpg\",\"datePublished\":\"2018-06-25T15:08:46+00:00\",\"dateModified\":\"2023-05-21T16:17:51+00:00\",\"description\":\"Producciones \u00fanicas en espacios \u00fanicos\",\"breadcrumb\":{\"@id\":\"https:\\\/\\\/arsmagna.live\\\/ca\\\/presentacion-del-nuevo-instituto-seda-espana\\\/#breadcrumb\"},\"inLanguage\":\"ca\",\"potentialAction\":[{\"@type\":\"ReadAction\",\"target\":[\"https:\\\/\\\/arsmagna.live\\\/ca\\\/presentacion-del-nuevo-instituto-seda-espana\\\/\"]}]},{\"@type\":\"ImageObject\",\"inLanguage\":\"ca\",\"@id\":\"https:\\\/\\\/arsmagna.live\\\/ca\\\/presentacion-del-nuevo-instituto-seda-espana\\\/#primaryimage\",\"url\":\"https:\\\/\\\/arsmagna.live\\\/wp-content\\\/uploads\\\/2018\\\/06\\\/francesc-colomer-valentia-ars-magna2.jpg\",\"contentUrl\":\"https:\\\/\\\/arsmagna.live\\\/wp-content\\\/uploads\\\/2018\\\/06\\\/francesc-colomer-valentia-ars-magna2.jpg\",\"width\":1000,\"height\":667},{\"@type\":\"BreadcrumbList\",\"@id\":\"https:\\\/\\\/arsmagna.live\\\/ca\\\/presentacion-del-nuevo-instituto-seda-espana\\\/#breadcrumb\",\"itemListElement\":[{\"@type\":\"ListItem\",\"position\":1,\"name\":\"Portada\",\"item\":\"https:\\\/\\\/arsmagna.live\\\/ca\\\/\"},{\"@type\":\"ListItem\",\"position\":2,\"name\":\"Presentaci\u00f3n del nuevo Instituto Seda Espa\u00f1a\"}]},{\"@type\":\"WebSite\",\"@id\":\"https:\\\/\\\/arsmagna.live\\\/ca\\\/#website\",\"url\":\"https:\\\/\\\/arsmagna.live\\\/ca\\\/\",\"name\":\"ARS MAGNA\",\"description\":\"Spectacle vivant\",\"publisher\":{\"@id\":\"https:\\\/\\\/arsmagna.live\\\/ca\\\/#organization\"},\"potentialAction\":[{\"@type\":\"SearchAction\",\"target\":{\"@type\":\"EntryPoint\",\"urlTemplate\":\"https:\\\/\\\/arsmagna.live\\\/ca\\\/?s={search_term_string}\"},\"query-input\":{\"@type\":\"PropertyValueSpecification\",\"valueRequired\":true,\"valueName\":\"search_term_string\"}}],\"inLanguage\":\"ca\"},{\"@type\":\"Organization\",\"@id\":\"https:\\\/\\\/arsmagna.live\\\/ca\\\/#organization\",\"name\":\"ARS MAGNA\",\"url\":\"https:\\\/\\\/arsmagna.live\\\/ca\\\/\",\"logo\":{\"@type\":\"ImageObject\",\"inLanguage\":\"ca\",\"@id\":\"https:\\\/\\\/arsmagna.live\\\/ca\\\/#\\\/schema\\\/logo\\\/image\\\/\",\"url\":\"https:\\\/\\\/arsmagna.live\\\/wp-content\\\/uploads\\\/2025\\\/03\\\/Ars-Magna.png\",\"contentUrl\":\"https:\\\/\\\/arsmagna.live\\\/wp-content\\\/uploads\\\/2025\\\/03\\\/Ars-Magna.png\",\"width\":64,\"height\":64,\"caption\":\"ARS MAGNA\"},\"image\":{\"@id\":\"https:\\\/\\\/arsmagna.live\\\/ca\\\/#\\\/schema\\\/logo\\\/image\\\/\"},\"sameAs\":[\"https:\\\/\\\/www.facebook.com\\\/arsmagna10\\\/?ref=bookmarks\",\"https:\\\/\\\/x.com\\\/ValArsMagna\"]},{\"@type\":\"Person\",\"@id\":\"https:\\\/\\\/arsmagna.live\\\/ca\\\/#\\\/schema\\\/person\\\/a590ed4d8a62cd06da253d320c16adf1\",\"name\":\"FENIX\",\"image\":{\"@type\":\"ImageObject\",\"inLanguage\":\"ca\",\"@id\":\"https:\\\/\\\/secure.gravatar.com\\\/avatar\\\/5a86a8c6d6c200d291a0ec60dc2e36ca01128b854aeaab9fa46430a51644e2ff?s=96&d=mm&r=g\",\"url\":\"https:\\\/\\\/secure.gravatar.com\\\/avatar\\\/5a86a8c6d6c200d291a0ec60dc2e36ca01128b854aeaab9fa46430a51644e2ff?s=96&d=mm&r=g\",\"contentUrl\":\"https:\\\/\\\/secure.gravatar.com\\\/avatar\\\/5a86a8c6d6c200d291a0ec60dc2e36ca01128b854aeaab9fa46430a51644e2ff?s=96&d=mm&r=g\",\"caption\":\"FENIX\"}}]}<\/script>\n<!-- \/ Yoast SEO plugin. -->","yoast_head_json":{"title":"Presentaci\u00f3n del nuevo Instituto Seda Espa\u00f1a - ARS MAGNA","description":"Producciones \u00fanicas en espacios \u00fanicos","robots":{"index":"index","follow":"follow","max-snippet":"max-snippet:-1","max-image-preview":"max-image-preview:large","max-video-preview":"max-video-preview:-1"},"canonical":"https:\/\/arsmagna.live\/ca\/presentacion-del-nuevo-instituto-seda-espana\/","og_locale":"ca_ES","og_type":"article","og_title":"Presentaci\u00f3n del nuevo Instituto Seda Espa\u00f1a - ARS MAGNA","og_description":"Producciones \u00fanicas en espacios \u00fanicos","og_url":"https:\/\/arsmagna.live\/ca\/presentacion-del-nuevo-instituto-seda-espana\/","og_site_name":"ARS MAGNA","article_publisher":"https:\/\/www.facebook.com\/arsmagna10\/?ref=bookmarks","article_published_time":"2018-06-25T15:08:46+00:00","article_modified_time":"2023-05-21T16:17:51+00:00","og_image":[{"width":1000,"height":667,"url":"https:\/\/arsmagna.live\/wp-content\/uploads\/2018\/06\/francesc-colomer-valentia-ars-magna2.jpg","type":"image\/jpeg"}],"author":"FENIX","twitter_card":"summary_large_image","twitter_creator":"@ValArsMagna","twitter_site":"@ValArsMagna","twitter_misc":{"Escrit per":"FENIX","Temps estimat de lectura":"1 minut"},"schema":{"@context":"https:\/\/schema.org","@graph":[{"@type":"Article","@id":"https:\/\/arsmagna.live\/ca\/presentacion-del-nuevo-instituto-seda-espana\/#article","isPartOf":{"@id":"https:\/\/arsmagna.live\/ca\/presentacion-del-nuevo-instituto-seda-espana\/"},"author":{"name":"FENIX","@id":"https:\/\/arsmagna.live\/ca\/#\/schema\/person\/a590ed4d8a62cd06da253d320c16adf1"},"headline":"Presentaci\u00f3n del nuevo Instituto Seda Espa\u00f1a","datePublished":"2018-06-25T15:08:46+00:00","dateModified":"2023-05-21T16:17:51+00:00","mainEntityOfPage":{"@id":"https:\/\/arsmagna.live\/ca\/presentacion-del-nuevo-instituto-seda-espana\/"},"wordCount":144,"publisher":{"@id":"https:\/\/arsmagna.live\/ca\/#organization"},"image":{"@id":"https:\/\/arsmagna.live\/ca\/presentacion-del-nuevo-instituto-seda-espana\/#primaryimage"},"thumbnailUrl":"https:\/\/arsmagna.live\/wp-content\/uploads\/2018\/06\/francesc-colomer-valentia-ars-magna2.jpg","articleSection":["Eventos","Monumentos","Sin categor\u00eda"],"inLanguage":"ca"},{"@type":"WebPage","@id":"https:\/\/arsmagna.live\/ca\/presentacion-del-nuevo-instituto-seda-espana\/","url":"https:\/\/arsmagna.live\/ca\/presentacion-del-nuevo-instituto-seda-espana\/","name":"Presentaci\u00f3n del nuevo Instituto Seda Espa\u00f1a - ARS MAGNA","isPartOf":{"@id":"https:\/\/arsmagna.live\/ca\/#website"},"primaryImageOfPage":{"@id":"https:\/\/arsmagna.live\/ca\/presentacion-del-nuevo-instituto-seda-espana\/#primaryimage"},"image":{"@id":"https:\/\/arsmagna.live\/ca\/presentacion-del-nuevo-instituto-seda-espana\/#primaryimage"},"thumbnailUrl":"https:\/\/arsmagna.live\/wp-content\/uploads\/2018\/06\/francesc-colomer-valentia-ars-magna2.jpg","datePublished":"2018-06-25T15:08:46+00:00","dateModified":"2023-05-21T16:17:51+00:00","description":"Producciones \u00fanicas en espacios \u00fanicos","breadcrumb":{"@id":"https:\/\/arsmagna.live\/ca\/presentacion-del-nuevo-instituto-seda-espana\/#breadcrumb"},"inLanguage":"ca","potentialAction":[{"@type":"ReadAction","target":["https:\/\/arsmagna.live\/ca\/presentacion-del-nuevo-instituto-seda-espana\/"]}]},{"@type":"ImageObject","inLanguage":"ca","@id":"https:\/\/arsmagna.live\/ca\/presentacion-del-nuevo-instituto-seda-espana\/#primaryimage","url":"https:\/\/arsmagna.live\/wp-content\/uploads\/2018\/06\/francesc-colomer-valentia-ars-magna2.jpg","contentUrl":"https:\/\/arsmagna.live\/wp-content\/uploads\/2018\/06\/francesc-colomer-valentia-ars-magna2.jpg","width":1000,"height":667},{"@type":"BreadcrumbList","@id":"https:\/\/arsmagna.live\/ca\/presentacion-del-nuevo-instituto-seda-espana\/#breadcrumb","itemListElement":[{"@type":"ListItem","position":1,"name":"Portada","item":"https:\/\/arsmagna.live\/ca\/"},{"@type":"ListItem","position":2,"name":"Presentaci\u00f3n del nuevo Instituto Seda Espa\u00f1a"}]},{"@type":"WebSite","@id":"https:\/\/arsmagna.live\/ca\/#website","url":"https:\/\/arsmagna.live\/ca\/","name":"ARS MAGNA","description":"Spectacle vivant","publisher":{"@id":"https:\/\/arsmagna.live\/ca\/#organization"},"potentialAction":[{"@type":"SearchAction","target":{"@type":"EntryPoint","urlTemplate":"https:\/\/arsmagna.live\/ca\/?s={search_term_string}"},"query-input":{"@type":"PropertyValueSpecification","valueRequired":true,"valueName":"search_term_string"}}],"inLanguage":"ca"},{"@type":"Organization","@id":"https:\/\/arsmagna.live\/ca\/#organization","name":"ARS MAGNA","url":"https:\/\/arsmagna.live\/ca\/","logo":{"@type":"ImageObject","inLanguage":"ca","@id":"https:\/\/arsmagna.live\/ca\/#\/schema\/logo\/image\/","url":"https:\/\/arsmagna.live\/wp-content\/uploads\/2025\/03\/Ars-Magna.png","contentUrl":"https:\/\/arsmagna.live\/wp-content\/uploads\/2025\/03\/Ars-Magna.png","width":64,"height":64,"caption":"ARS MAGNA"},"image":{"@id":"https:\/\/arsmagna.live\/ca\/#\/schema\/logo\/image\/"},"sameAs":["https:\/\/www.facebook.com\/arsmagna10\/?ref=bookmarks","https:\/\/x.com\/ValArsMagna"]},{"@type":"Person","@id":"https:\/\/arsmagna.live\/ca\/#\/schema\/person\/a590ed4d8a62cd06da253d320c16adf1","name":"FENIX","image":{"@type":"ImageObject","inLanguage":"ca","@id":"https:\/\/secure.gravatar.com\/avatar\/5a86a8c6d6c200d291a0ec60dc2e36ca01128b854aeaab9fa46430a51644e2ff?s=96&d=mm&r=g","url":"https:\/\/secure.gravatar.com\/avatar\/5a86a8c6d6c200d291a0ec60dc2e36ca01128b854aeaab9fa46430a51644e2ff?s=96&d=mm&r=g","contentUrl":"https:\/\/secure.gravatar.com\/avatar\/5a86a8c6d6c200d291a0ec60dc2e36ca01128b854aeaab9fa46430a51644e2ff?s=96&d=mm&r=g","caption":"FENIX"}}]}},"_links":{"self":[{"href":"https:\/\/arsmagna.live\/ca\/wp-json\/wp\/v2\/posts\/432","targetHints":{"allow":["GET"]}}],"collection":[{"href":"https:\/\/arsmagna.live\/ca\/wp-json\/wp\/v2\/posts"}],"about":[{"href":"https:\/\/arsmagna.live\/ca\/wp-json\/wp\/v2\/types\/post"}],"author":[{"embeddable":true,"href":"https:\/\/arsmagna.live\/ca\/wp-json\/wp\/v2\/users\/1"}],"replies":[{"embeddable":true,"href":"https:\/\/arsmagna.live\/ca\/wp-json\/wp\/v2\/comments?post=432"}],"version-history":[{"count":2,"href":"https:\/\/arsmagna.live\/ca\/wp-json\/wp\/v2\/posts\/432\/revisions"}],"predecessor-version":[{"id":435,"href":"https:\/\/arsmagna.live\/ca\/wp-json\/wp\/v2\/posts\/432\/revisions\/435"}],"wp:featuredmedia":[{"embeddable":true,"href":"https:\/\/arsmagna.live\/ca\/wp-json\/wp\/v2\/media\/522"}],"wp:attachment":[{"href":"https:\/\/arsmagna.live\/ca\/wp-json\/wp\/v2\/media?parent=432"}],"wp:term":[{"taxonomy":"category","embeddable":true,"href":"https:\/\/arsmagna.live\/ca\/wp-json\/wp\/v2\/categories?post=432"},{"taxonomy":"post_tag","embeddable":true,"href":"https:\/\/arsmagna.live\/ca\/wp-json\/wp\/v2\/tags?post=432"}],"curies":[{"name":"wp","href":"https:\/\/api.w.org\/{rel}","templated":true}]}}