{"id":3535,"date":"2018-08-16T16:53:48","date_gmt":"2018-08-16T16:53:48","guid":{"rendered":"https:\/\/arsmagna.live\/nueva-agenda-de-visitas-diarias-programadas\/"},"modified":"2018-10-26T15:07:43","modified_gmt":"2018-10-26T15:07:43","slug":"nueva-agenda-de-visitas-diarias-programadas","status":"publish","type":"post","link":"https:\/\/arsmagna.live\/ca\/nueva-agenda-de-visitas-diarias-programadas\/","title":{"rendered":"Nova agenda de visites di\u00e0ries programades"},"content":{"rendered":"<h3 class=\"null\" data-fontsize=\"20\" data-lineheight=\"30\"><span class=\"mc-toc-title\"><img decoding=\"async\" class=\"lazyload alignnone wp-image-180\" src=\"https:\/\/arsmagna.live\/wp-content\/uploads\/2018\/09\/catedral-de-santa-maria-valencia.jpg\" data-orig-src=\"https:\/\/arsmagna.live\/wp-content\/uploads\/2018\/09\/catedral-de-santa-maria-valencia.jpg\" alt=\"\" width=\"500\" height=\"334\" srcset=\"data:image\/svg+xml,%3Csvg%20xmlns%3D%27http%3A%2F%2Fwww.w3.org%2F2000%2Fsvg%27%20width%3D%27500%27%20height%3D%27334%27%20viewBox%3D%270%200%20500%20334%27%3E%3Crect%20width%3D%27500%27%20height%3D%27334%27%20fill-opacity%3D%220%22%2F%3E%3C%2Fsvg%3E\" data-srcset=\"https:\/\/arsmagna.live\/wp-content\/uploads\/2018\/09\/catedral-de-santa-maria-valencia-200x133.jpg 200w, https:\/\/arsmagna.live\/wp-content\/uploads\/2018\/09\/catedral-de-santa-maria-valencia-300x200.jpg 300w, https:\/\/arsmagna.live\/wp-content\/uploads\/2018\/09\/catedral-de-santa-maria-valencia-400x267.jpg 400w, https:\/\/arsmagna.live\/wp-content\/uploads\/2018\/09\/catedral-de-santa-maria-valencia-500x334.jpg 500w, https:\/\/arsmagna.live\/wp-content\/uploads\/2018\/09\/catedral-de-santa-maria-valencia-600x400.jpg 600w, https:\/\/arsmagna.live\/wp-content\/uploads\/2018\/09\/catedral-de-santa-maria-valencia-700x467.jpg 700w, https:\/\/arsmagna.live\/wp-content\/uploads\/2018\/09\/catedral-de-santa-maria-valencia-768x512.jpg 768w, https:\/\/arsmagna.live\/wp-content\/uploads\/2018\/09\/catedral-de-santa-maria-valencia-800x534.jpg 800w, https:\/\/arsmagna.live\/wp-content\/uploads\/2018\/09\/catedral-de-santa-maria-valencia.jpg 1000w\" data-sizes=\"auto\" data-orig-sizes=\"(max-width: 500px) 100vw, 500px\" \/><\/span><\/h3>\n<h3>Renovem el nostre comprom\u00eds amb el patrimoni valenci\u00e0<\/h3>\n<p>2000 anys t&#8217;esperen. Milers d&#8217;hist\u00f2ries amb alguna cosa en com\u00fa: una de les ciutats protagonistes de la Mediterr\u00e0nia occidental que conserva el seu valu\u00f3s patrimoni i identitat.<\/p>\n<p>Hem escoltat els teus suggeriments i hem ampliat la nostra agenda de visites di\u00e0ries programades, incorporant nous monuments imprescindibles en la nostra ciutat. Cada visita guiada requereix un profund desenvolupament de continguts costat d&#8217;una complexa planificaci\u00f3 d&#8217;horaris, usos del monument i recursos humans. Ara ja pots gaudir del patrimoni valenci\u00e0 amb nosaltres, de dimarts a diumenge i amb una tarifa sorprenent.<\/p>\n<h3 class=\"null\" data-fontsize=\"20\" data-lineheight=\"30\"><span class=\"mc-toc-title\">\u00a0<\/span><\/h3>\n<p>&nbsp;<\/p>\n<p>&nbsp;<\/p>\n","protected":false},"excerpt":{"rendered":"<p>Renovem el nostre comprom\u00eds amb el patrimoni valenci\u00e0 2000 anys t&#8217;esperen. Milers d&#8217;hist\u00f2ries amb alguna cosa en com\u00fa: una de les ciutats protagonistes de la Mediterr\u00e0nia occidental que conserva el seu valu\u00f3s patrimoni i identitat. Hem escoltat els teus suggeriments  [&#8230;]<\/p>\n","protected":false},"author":1,"featured_media":1086,"comment_status":"closed","ping_status":"closed","sticky":false,"template":"","format":"standard","meta":{"footnotes":""},"categories":[44,80],"tags":[],"class_list":["post-3535","post","type-post","status-publish","format-standard","has-post-thumbnail","hentry","category-sense-categoria","category-visites-guiades-programades"],"yoast_head":"<!-- This site is optimized with the Yoast SEO plugin v27.4 - https:\/\/yoast.com\/product\/yoast-seo-wordpress\/ -->\n<title>Nova agenda de visites di\u00e0ries programades - ARS MAGNA<\/title>\n<meta name=\"description\" content=\"Producciones \u00fanicas en espacios \u00fanicos\" \/>\n<meta name=\"robots\" content=\"index, follow, max-snippet:-1, max-image-preview:large, max-video-preview:-1\" \/>\n<link rel=\"canonical\" href=\"https:\/\/arsmagna.live\/ca\/nueva-agenda-de-visitas-diarias-programadas\/\" \/>\n<meta property=\"og:locale\" content=\"ca_ES\" \/>\n<meta property=\"og:type\" content=\"article\" \/>\n<meta property=\"og:title\" content=\"Nova agenda de visites di\u00e0ries programades - ARS MAGNA\" \/>\n<meta property=\"og:description\" content=\"Producciones \u00fanicas en espacios \u00fanicos\" \/>\n<meta property=\"og:url\" content=\"https:\/\/arsmagna.live\/ca\/nueva-agenda-de-visitas-diarias-programadas\/\" \/>\n<meta property=\"og:site_name\" content=\"ARS MAGNA\" \/>\n<meta property=\"article:publisher\" content=\"https:\/\/www.facebook.com\/arsmagna10\/?ref=bookmarks\" \/>\n<meta property=\"article:published_time\" content=\"2018-08-16T16:53:48+00:00\" \/>\n<meta property=\"article:modified_time\" content=\"2018-10-26T15:07:43+00:00\" \/>\n<meta property=\"og:image\" content=\"https:\/\/arsmagna.es\/wp-content\/uploads\/2018\/09\/catedral-de-santa-maria-valencia.jpg\" \/>\n\t<meta property=\"og:image:width\" content=\"1000\" \/>\n\t<meta property=\"og:image:height\" content=\"667\" \/>\n\t<meta property=\"og:image:type\" content=\"image\/jpeg\" \/>\n<meta name=\"author\" content=\"FENIX\" \/>\n<meta name=\"twitter:card\" content=\"summary_large_image\" \/>\n<meta name=\"twitter:creator\" content=\"@ValArsMagna\" \/>\n<meta name=\"twitter:site\" content=\"@ValArsMagna\" \/>\n<meta name=\"twitter:label1\" content=\"Escrit per\" \/>\n\t<meta name=\"twitter:data1\" content=\"FENIX\" \/>\n\t<meta name=\"twitter:label2\" content=\"Temps estimat de lectura\" \/>\n\t<meta name=\"twitter:data2\" content=\"1 minut\" \/>\n<script type=\"application\/ld+json\" class=\"yoast-schema-graph\">{\"@context\":\"https:\\\/\\\/schema.org\",\"@graph\":[{\"@type\":\"Article\",\"@id\":\"https:\\\/\\\/arsmagna.live\\\/ca\\\/nueva-agenda-de-visitas-diarias-programadas\\\/#article\",\"isPartOf\":{\"@id\":\"https:\\\/\\\/arsmagna.live\\\/ca\\\/nueva-agenda-de-visitas-diarias-programadas\\\/\"},\"author\":{\"name\":\"FENIX\",\"@id\":\"https:\\\/\\\/arsmagna.live\\\/ca\\\/#\\\/schema\\\/person\\\/a590ed4d8a62cd06da253d320c16adf1\"},\"headline\":\"Nova agenda de visites di\u00e0ries programades\",\"datePublished\":\"2018-08-16T16:53:48+00:00\",\"dateModified\":\"2018-10-26T15:07:43+00:00\",\"mainEntityOfPage\":{\"@id\":\"https:\\\/\\\/arsmagna.live\\\/ca\\\/nueva-agenda-de-visitas-diarias-programadas\\\/\"},\"wordCount\":113,\"publisher\":{\"@id\":\"https:\\\/\\\/arsmagna.live\\\/ca\\\/#organization\"},\"image\":{\"@id\":\"https:\\\/\\\/arsmagna.live\\\/ca\\\/nueva-agenda-de-visitas-diarias-programadas\\\/#primaryimage\"},\"thumbnailUrl\":\"https:\\\/\\\/arsmagna.live\\\/wp-content\\\/uploads\\\/2018\\\/09\\\/catedral-de-santa-maria-valencia.jpg\",\"articleSection\":{\"1\":\"Visites guiades programades\"},\"inLanguage\":\"ca\"},{\"@type\":\"WebPage\",\"@id\":\"https:\\\/\\\/arsmagna.live\\\/ca\\\/nueva-agenda-de-visitas-diarias-programadas\\\/\",\"url\":\"https:\\\/\\\/arsmagna.live\\\/ca\\\/nueva-agenda-de-visitas-diarias-programadas\\\/\",\"name\":\"Nova agenda de visites di\u00e0ries programades - ARS MAGNA\",\"isPartOf\":{\"@id\":\"https:\\\/\\\/arsmagna.live\\\/ca\\\/#website\"},\"primaryImageOfPage\":{\"@id\":\"https:\\\/\\\/arsmagna.live\\\/ca\\\/nueva-agenda-de-visitas-diarias-programadas\\\/#primaryimage\"},\"image\":{\"@id\":\"https:\\\/\\\/arsmagna.live\\\/ca\\\/nueva-agenda-de-visitas-diarias-programadas\\\/#primaryimage\"},\"thumbnailUrl\":\"https:\\\/\\\/arsmagna.live\\\/wp-content\\\/uploads\\\/2018\\\/09\\\/catedral-de-santa-maria-valencia.jpg\",\"datePublished\":\"2018-08-16T16:53:48+00:00\",\"dateModified\":\"2018-10-26T15:07:43+00:00\",\"description\":\"Producciones \u00fanicas en espacios \u00fanicos\",\"breadcrumb\":{\"@id\":\"https:\\\/\\\/arsmagna.live\\\/ca\\\/nueva-agenda-de-visitas-diarias-programadas\\\/#breadcrumb\"},\"inLanguage\":\"ca\",\"potentialAction\":[{\"@type\":\"ReadAction\",\"target\":[\"https:\\\/\\\/arsmagna.live\\\/ca\\\/nueva-agenda-de-visitas-diarias-programadas\\\/\"]}]},{\"@type\":\"ImageObject\",\"inLanguage\":\"ca\",\"@id\":\"https:\\\/\\\/arsmagna.live\\\/ca\\\/nueva-agenda-de-visitas-diarias-programadas\\\/#primaryimage\",\"url\":\"https:\\\/\\\/arsmagna.live\\\/wp-content\\\/uploads\\\/2018\\\/09\\\/catedral-de-santa-maria-valencia.jpg\",\"contentUrl\":\"https:\\\/\\\/arsmagna.live\\\/wp-content\\\/uploads\\\/2018\\\/09\\\/catedral-de-santa-maria-valencia.jpg\",\"width\":1000,\"height\":667},{\"@type\":\"BreadcrumbList\",\"@id\":\"https:\\\/\\\/arsmagna.live\\\/ca\\\/nueva-agenda-de-visitas-diarias-programadas\\\/#breadcrumb\",\"itemListElement\":[{\"@type\":\"ListItem\",\"position\":1,\"name\":\"Portada\",\"item\":\"https:\\\/\\\/arsmagna.live\\\/ca\\\/\"},{\"@type\":\"ListItem\",\"position\":2,\"name\":\"Nova agenda de visites di\u00e0ries programades\"}]},{\"@type\":\"WebSite\",\"@id\":\"https:\\\/\\\/arsmagna.live\\\/ca\\\/#website\",\"url\":\"https:\\\/\\\/arsmagna.live\\\/ca\\\/\",\"name\":\"ARS MAGNA\",\"description\":\"Spectacle vivant\",\"publisher\":{\"@id\":\"https:\\\/\\\/arsmagna.live\\\/ca\\\/#organization\"},\"potentialAction\":[{\"@type\":\"SearchAction\",\"target\":{\"@type\":\"EntryPoint\",\"urlTemplate\":\"https:\\\/\\\/arsmagna.live\\\/ca\\\/?s={search_term_string}\"},\"query-input\":{\"@type\":\"PropertyValueSpecification\",\"valueRequired\":true,\"valueName\":\"search_term_string\"}}],\"inLanguage\":\"ca\"},{\"@type\":\"Organization\",\"@id\":\"https:\\\/\\\/arsmagna.live\\\/ca\\\/#organization\",\"name\":\"ARS MAGNA\",\"url\":\"https:\\\/\\\/arsmagna.live\\\/ca\\\/\",\"logo\":{\"@type\":\"ImageObject\",\"inLanguage\":\"ca\",\"@id\":\"https:\\\/\\\/arsmagna.live\\\/ca\\\/#\\\/schema\\\/logo\\\/image\\\/\",\"url\":\"https:\\\/\\\/arsmagna.live\\\/wp-content\\\/uploads\\\/2025\\\/03\\\/Ars-Magna.png\",\"contentUrl\":\"https:\\\/\\\/arsmagna.live\\\/wp-content\\\/uploads\\\/2025\\\/03\\\/Ars-Magna.png\",\"width\":64,\"height\":64,\"caption\":\"ARS MAGNA\"},\"image\":{\"@id\":\"https:\\\/\\\/arsmagna.live\\\/ca\\\/#\\\/schema\\\/logo\\\/image\\\/\"},\"sameAs\":[\"https:\\\/\\\/www.facebook.com\\\/arsmagna10\\\/?ref=bookmarks\",\"https:\\\/\\\/x.com\\\/ValArsMagna\"]},{\"@type\":\"Person\",\"@id\":\"https:\\\/\\\/arsmagna.live\\\/ca\\\/#\\\/schema\\\/person\\\/a590ed4d8a62cd06da253d320c16adf1\",\"name\":\"FENIX\",\"image\":{\"@type\":\"ImageObject\",\"inLanguage\":\"ca\",\"@id\":\"https:\\\/\\\/secure.gravatar.com\\\/avatar\\\/5a86a8c6d6c200d291a0ec60dc2e36ca01128b854aeaab9fa46430a51644e2ff?s=96&d=mm&r=g\",\"url\":\"https:\\\/\\\/secure.gravatar.com\\\/avatar\\\/5a86a8c6d6c200d291a0ec60dc2e36ca01128b854aeaab9fa46430a51644e2ff?s=96&d=mm&r=g\",\"contentUrl\":\"https:\\\/\\\/secure.gravatar.com\\\/avatar\\\/5a86a8c6d6c200d291a0ec60dc2e36ca01128b854aeaab9fa46430a51644e2ff?s=96&d=mm&r=g\",\"caption\":\"FENIX\"}}]}<\/script>\n<!-- \/ Yoast SEO plugin. -->","yoast_head_json":{"title":"Nova agenda de visites di\u00e0ries programades - ARS MAGNA","description":"Producciones \u00fanicas en espacios \u00fanicos","robots":{"index":"index","follow":"follow","max-snippet":"max-snippet:-1","max-image-preview":"max-image-preview:large","max-video-preview":"max-video-preview:-1"},"canonical":"https:\/\/arsmagna.live\/ca\/nueva-agenda-de-visitas-diarias-programadas\/","og_locale":"ca_ES","og_type":"article","og_title":"Nova agenda de visites di\u00e0ries programades - ARS MAGNA","og_description":"Producciones \u00fanicas en espacios \u00fanicos","og_url":"https:\/\/arsmagna.live\/ca\/nueva-agenda-de-visitas-diarias-programadas\/","og_site_name":"ARS MAGNA","article_publisher":"https:\/\/www.facebook.com\/arsmagna10\/?ref=bookmarks","article_published_time":"2018-08-16T16:53:48+00:00","article_modified_time":"2018-10-26T15:07:43+00:00","og_image":[{"width":1000,"height":667,"url":"https:\/\/arsmagna.es\/wp-content\/uploads\/2018\/09\/catedral-de-santa-maria-valencia.jpg","type":"image\/jpeg"}],"author":"FENIX","twitter_card":"summary_large_image","twitter_creator":"@ValArsMagna","twitter_site":"@ValArsMagna","twitter_misc":{"Escrit per":"FENIX","Temps estimat de lectura":"1 minut"},"schema":{"@context":"https:\/\/schema.org","@graph":[{"@type":"Article","@id":"https:\/\/arsmagna.live\/ca\/nueva-agenda-de-visitas-diarias-programadas\/#article","isPartOf":{"@id":"https:\/\/arsmagna.live\/ca\/nueva-agenda-de-visitas-diarias-programadas\/"},"author":{"name":"FENIX","@id":"https:\/\/arsmagna.live\/ca\/#\/schema\/person\/a590ed4d8a62cd06da253d320c16adf1"},"headline":"Nova agenda de visites di\u00e0ries programades","datePublished":"2018-08-16T16:53:48+00:00","dateModified":"2018-10-26T15:07:43+00:00","mainEntityOfPage":{"@id":"https:\/\/arsmagna.live\/ca\/nueva-agenda-de-visitas-diarias-programadas\/"},"wordCount":113,"publisher":{"@id":"https:\/\/arsmagna.live\/ca\/#organization"},"image":{"@id":"https:\/\/arsmagna.live\/ca\/nueva-agenda-de-visitas-diarias-programadas\/#primaryimage"},"thumbnailUrl":"https:\/\/arsmagna.live\/wp-content\/uploads\/2018\/09\/catedral-de-santa-maria-valencia.jpg","articleSection":{"1":"Visites guiades programades"},"inLanguage":"ca"},{"@type":"WebPage","@id":"https:\/\/arsmagna.live\/ca\/nueva-agenda-de-visitas-diarias-programadas\/","url":"https:\/\/arsmagna.live\/ca\/nueva-agenda-de-visitas-diarias-programadas\/","name":"Nova agenda de visites di\u00e0ries programades - ARS MAGNA","isPartOf":{"@id":"https:\/\/arsmagna.live\/ca\/#website"},"primaryImageOfPage":{"@id":"https:\/\/arsmagna.live\/ca\/nueva-agenda-de-visitas-diarias-programadas\/#primaryimage"},"image":{"@id":"https:\/\/arsmagna.live\/ca\/nueva-agenda-de-visitas-diarias-programadas\/#primaryimage"},"thumbnailUrl":"https:\/\/arsmagna.live\/wp-content\/uploads\/2018\/09\/catedral-de-santa-maria-valencia.jpg","datePublished":"2018-08-16T16:53:48+00:00","dateModified":"2018-10-26T15:07:43+00:00","description":"Producciones \u00fanicas en espacios \u00fanicos","breadcrumb":{"@id":"https:\/\/arsmagna.live\/ca\/nueva-agenda-de-visitas-diarias-programadas\/#breadcrumb"},"inLanguage":"ca","potentialAction":[{"@type":"ReadAction","target":["https:\/\/arsmagna.live\/ca\/nueva-agenda-de-visitas-diarias-programadas\/"]}]},{"@type":"ImageObject","inLanguage":"ca","@id":"https:\/\/arsmagna.live\/ca\/nueva-agenda-de-visitas-diarias-programadas\/#primaryimage","url":"https:\/\/arsmagna.live\/wp-content\/uploads\/2018\/09\/catedral-de-santa-maria-valencia.jpg","contentUrl":"https:\/\/arsmagna.live\/wp-content\/uploads\/2018\/09\/catedral-de-santa-maria-valencia.jpg","width":1000,"height":667},{"@type":"BreadcrumbList","@id":"https:\/\/arsmagna.live\/ca\/nueva-agenda-de-visitas-diarias-programadas\/#breadcrumb","itemListElement":[{"@type":"ListItem","position":1,"name":"Portada","item":"https:\/\/arsmagna.live\/ca\/"},{"@type":"ListItem","position":2,"name":"Nova agenda de visites di\u00e0ries programades"}]},{"@type":"WebSite","@id":"https:\/\/arsmagna.live\/ca\/#website","url":"https:\/\/arsmagna.live\/ca\/","name":"ARS MAGNA","description":"Spectacle vivant","publisher":{"@id":"https:\/\/arsmagna.live\/ca\/#organization"},"potentialAction":[{"@type":"SearchAction","target":{"@type":"EntryPoint","urlTemplate":"https:\/\/arsmagna.live\/ca\/?s={search_term_string}"},"query-input":{"@type":"PropertyValueSpecification","valueRequired":true,"valueName":"search_term_string"}}],"inLanguage":"ca"},{"@type":"Organization","@id":"https:\/\/arsmagna.live\/ca\/#organization","name":"ARS MAGNA","url":"https:\/\/arsmagna.live\/ca\/","logo":{"@type":"ImageObject","inLanguage":"ca","@id":"https:\/\/arsmagna.live\/ca\/#\/schema\/logo\/image\/","url":"https:\/\/arsmagna.live\/wp-content\/uploads\/2025\/03\/Ars-Magna.png","contentUrl":"https:\/\/arsmagna.live\/wp-content\/uploads\/2025\/03\/Ars-Magna.png","width":64,"height":64,"caption":"ARS MAGNA"},"image":{"@id":"https:\/\/arsmagna.live\/ca\/#\/schema\/logo\/image\/"},"sameAs":["https:\/\/www.facebook.com\/arsmagna10\/?ref=bookmarks","https:\/\/x.com\/ValArsMagna"]},{"@type":"Person","@id":"https:\/\/arsmagna.live\/ca\/#\/schema\/person\/a590ed4d8a62cd06da253d320c16adf1","name":"FENIX","image":{"@type":"ImageObject","inLanguage":"ca","@id":"https:\/\/secure.gravatar.com\/avatar\/5a86a8c6d6c200d291a0ec60dc2e36ca01128b854aeaab9fa46430a51644e2ff?s=96&d=mm&r=g","url":"https:\/\/secure.gravatar.com\/avatar\/5a86a8c6d6c200d291a0ec60dc2e36ca01128b854aeaab9fa46430a51644e2ff?s=96&d=mm&r=g","contentUrl":"https:\/\/secure.gravatar.com\/avatar\/5a86a8c6d6c200d291a0ec60dc2e36ca01128b854aeaab9fa46430a51644e2ff?s=96&d=mm&r=g","caption":"FENIX"}}]}},"_links":{"self":[{"href":"https:\/\/arsmagna.live\/ca\/wp-json\/wp\/v2\/posts\/3535","targetHints":{"allow":["GET"]}}],"collection":[{"href":"https:\/\/arsmagna.live\/ca\/wp-json\/wp\/v2\/posts"}],"about":[{"href":"https:\/\/arsmagna.live\/ca\/wp-json\/wp\/v2\/types\/post"}],"author":[{"embeddable":true,"href":"https:\/\/arsmagna.live\/ca\/wp-json\/wp\/v2\/users\/1"}],"replies":[{"embeddable":true,"href":"https:\/\/arsmagna.live\/ca\/wp-json\/wp\/v2\/comments?post=3535"}],"version-history":[{"count":2,"href":"https:\/\/arsmagna.live\/ca\/wp-json\/wp\/v2\/posts\/3535\/revisions"}],"predecessor-version":[{"id":3537,"href":"https:\/\/arsmagna.live\/ca\/wp-json\/wp\/v2\/posts\/3535\/revisions\/3537"}],"wp:featuredmedia":[{"embeddable":true,"href":"https:\/\/arsmagna.live\/ca\/wp-json\/wp\/v2\/media\/1086"}],"wp:attachment":[{"href":"https:\/\/arsmagna.live\/ca\/wp-json\/wp\/v2\/media?parent=3535"}],"wp:term":[{"taxonomy":"category","embeddable":true,"href":"https:\/\/arsmagna.live\/ca\/wp-json\/wp\/v2\/categories?post=3535"},{"taxonomy":"post_tag","embeddable":true,"href":"https:\/\/arsmagna.live\/ca\/wp-json\/wp\/v2\/tags?post=3535"}],"curies":[{"name":"wp","href":"https:\/\/api.w.org\/{rel}","templated":true}]}}