{"id":1651,"date":"2018-10-08T13:58:38","date_gmt":"2018-10-08T13:58:38","guid":{"rendered":"https:\/\/arsmagna.live\/?p=1651"},"modified":"2018-10-26T14:54:38","modified_gmt":"2018-10-26T14:54:38","slug":"limpieza-y-reconstruccion-de-la-tumba-de-la-reina-maria-de-castilla","status":"publish","type":"post","link":"https:\/\/arsmagna.live\/ca\/limpieza-y-reconstruccion-de-la-tumba-de-la-reina-maria-de-castilla\/","title":{"rendered":"Neteja i reconstrucci\u00f3 de la tomba de la reina Maria de Castella"},"content":{"rendered":"<p><img decoding=\"async\" class=\"lazyload wp-image-839 alignleft\" src=\"https:\/\/arsmagna.live\/wp-content\/uploads\/2018\/10\/tumba-maria.jpg\" data-orig-src=\"https:\/\/arsmagna.live\/wp-content\/uploads\/2018\/10\/tumba-maria.jpg\" alt=\"\" width=\"500\" height=\"333\" srcset=\"data:image\/svg+xml,%3Csvg%20xmlns%3D%27http%3A%2F%2Fwww.w3.org%2F2000%2Fsvg%27%20width%3D%27500%27%20height%3D%27333%27%20viewBox%3D%270%200%20500%20333%27%3E%3Crect%20width%3D%27500%27%20height%3D%27333%27%20fill-opacity%3D%220%22%2F%3E%3C%2Fsvg%3E\" data-srcset=\"https:\/\/arsmagna.live\/wp-content\/uploads\/2018\/10\/tumba-maria-200x133.jpg 200w, https:\/\/arsmagna.live\/wp-content\/uploads\/2018\/10\/tumba-maria-300x200.jpg 300w, https:\/\/arsmagna.live\/wp-content\/uploads\/2018\/10\/tumba-maria-400x267.jpg 400w, https:\/\/arsmagna.live\/wp-content\/uploads\/2018\/10\/tumba-maria-500x334.jpg 500w, https:\/\/arsmagna.live\/wp-content\/uploads\/2018\/10\/tumba-maria-600x400.jpg 600w, https:\/\/arsmagna.live\/wp-content\/uploads\/2018\/10\/tumba-maria-700x467.jpg 700w, https:\/\/arsmagna.live\/wp-content\/uploads\/2018\/10\/tumba-maria-768x512.jpg 768w, https:\/\/arsmagna.live\/wp-content\/uploads\/2018\/10\/tumba-maria-800x534.jpg 800w, https:\/\/arsmagna.live\/wp-content\/uploads\/2018\/10\/tumba-maria.jpg 1000w\" data-sizes=\"auto\" data-orig-sizes=\"(max-width: 500px) 100vw, 500px\" \/>El bell sarc\u00f2fag en pedra de la reina Maria de Castella, esposa d&#8217;Alfons V El Magn\u00e0nim i tia d&#8217;Isabel la Cat\u00f2lica, representa l&#8217;\u00fanica tomba reial ocupada a la Comunitat Valenciana i adquireix la seua singularitat per la seua especial construcci\u00f3 i acabat, atribu\u00efts a Antoni Dalmau, a partir de nombrosos elements en com\u00fa amb altres obres com el retaule en alabastre de la capella del Sant Calze de la Catedral de Val\u00e8ncia. Segons els seus desitjos, la reina va ser sepultada en ell vestida amb l&#8217;h\u00e0bit de les germanes Franciscanes Clarisses.<\/p>\n<p>&nbsp;<\/p>\n<p>&nbsp;<\/p>\n<p>L&#8217;equip d&#8217;Ars Magna ha coordinat els treballs de neteja i reconstrucci\u00f3 virtual del magn\u00edfic sepulcre en diverses fases successives, recuperant el color original de la pedra, aix\u00ed com un cromatisme vermell abans no perceptible.<\/p>\n<div class=\"fusion-image-carousel fusion-image-carousel-fixed fusion-image-carousel-1 lightbox-enabled fusion-carousel-border\"><div class=\"awb-carousel awb-swiper awb-swiper-carousel awb-carousel--carousel awb-swiper-dots-position-bottom\" data-layout=\"carousel\" data-autoplay=\"no\" data-autoplayspeed=\"5000\" data-autoplaypause=\"no\" data-loop=\"yes\" data-columns=\"4\" data-columnsmedium=\"1\" data-columnssmall=\"1\" data-itemmargin=\"0\" data-itemwidth=\"180\" data-touchscroll=\"no\" data-freemode=\"no\" data-imagesize=\"fixed\" data-scrollitems=\"0\" data-centeredslides=\"no\" data-rotationangle=\"50\" data-depth=\"100\" data-speed=\"500\" data-shadow=\"no\" data-pagination=\"bullets\" style=\"--awb-columns:4;--awb-column-spacing:0px;--awb-border-width:1px;--awb-border-color:#e9eaee;\"><div class=\"swiper-wrapper awb-image-carousel-wrapper fusion-flex-align-items-center\"><div class=\"swiper-slide\"><div class=\"fusion-carousel-item-wrapper\"><div class=\"fusion-image-wrapper hover-type-zoomin\"><a data-rel=\"iLightbox[image_carousel_1]\" data-title=\"tumba-maria\" aria-label=\"tumba-maria\" href=\"https:\/\/arsmagna.live\/wp-content\/uploads\/2018\/10\/tumba-maria.jpg\" target=\"_self\"><img decoding=\"async\" width=\"320\" height=\"202\" src=\"data:image\/svg+xml,%3Csvg%20xmlns%3D%27http%3A%2F%2Fwww.w3.org%2F2000%2Fsvg%27%20width%3D%271000%27%20height%3D%27667%27%20viewBox%3D%270%200%201000%20667%27%3E%3Crect%20width%3D%271000%27%20height%3D%27667%27%20fill-opacity%3D%220%22%2F%3E%3C%2Fsvg%3E\" class=\"attachment-blog-medium size-blog-medium lazyload\" alt=\"\" data-orig-src=\"https:\/\/arsmagna.live\/wp-content\/uploads\/2018\/10\/tumba-maria-320x202.jpg\" \/><\/a><\/div><\/div><\/div><div class=\"swiper-slide\"><div class=\"fusion-carousel-item-wrapper\"><div class=\"fusion-image-wrapper hover-type-zoomin\"><a data-rel=\"iLightbox[image_carousel_1]\" data-title=\"tumba-maria5\" aria-label=\"tumba-maria5\" href=\"https:\/\/arsmagna.live\/wp-content\/uploads\/2018\/10\/tumba-maria5.jpg\" target=\"_self\"><img decoding=\"async\" width=\"320\" height=\"202\" src=\"data:image\/svg+xml,%3Csvg%20xmlns%3D%27http%3A%2F%2Fwww.w3.org%2F2000%2Fsvg%27%20width%3D%271000%27%20height%3D%27667%27%20viewBox%3D%270%200%201000%20667%27%3E%3Crect%20width%3D%271000%27%20height%3D%27667%27%20fill-opacity%3D%220%22%2F%3E%3C%2Fsvg%3E\" class=\"attachment-blog-medium size-blog-medium lazyload\" alt=\"\" data-orig-src=\"https:\/\/arsmagna.live\/wp-content\/uploads\/2018\/10\/tumba-maria5-320x202.jpg\" \/><\/a><\/div><\/div><\/div><div class=\"swiper-slide\"><div class=\"fusion-carousel-item-wrapper\"><div class=\"fusion-image-wrapper hover-type-zoomin\"><a data-rel=\"iLightbox[image_carousel_1]\" data-title=\"tumba-maria3\" aria-label=\"tumba-maria3\" href=\"https:\/\/arsmagna.live\/wp-content\/uploads\/2018\/10\/tumba-maria3.jpg\" target=\"_self\"><img decoding=\"async\" width=\"320\" height=\"202\" src=\"data:image\/svg+xml,%3Csvg%20xmlns%3D%27http%3A%2F%2Fwww.w3.org%2F2000%2Fsvg%27%20width%3D%271000%27%20height%3D%27667%27%20viewBox%3D%270%200%201000%20667%27%3E%3Crect%20width%3D%271000%27%20height%3D%27667%27%20fill-opacity%3D%220%22%2F%3E%3C%2Fsvg%3E\" class=\"attachment-blog-medium size-blog-medium lazyload\" alt=\"\" data-orig-src=\"https:\/\/arsmagna.live\/wp-content\/uploads\/2018\/10\/tumba-maria3-320x202.jpg\" \/><\/a><\/div><\/div><\/div><div class=\"swiper-slide\"><div class=\"fusion-carousel-item-wrapper\"><div class=\"fusion-image-wrapper hover-type-zoomin\"><a data-rel=\"iLightbox[image_carousel_1]\" data-title=\"tumba-maria2\" aria-label=\"tumba-maria2\" href=\"https:\/\/arsmagna.live\/wp-content\/uploads\/2018\/10\/tumba-maria2.jpg\" target=\"_self\"><img decoding=\"async\" width=\"320\" height=\"202\" src=\"data:image\/svg+xml,%3Csvg%20xmlns%3D%27http%3A%2F%2Fwww.w3.org%2F2000%2Fsvg%27%20width%3D%271000%27%20height%3D%27667%27%20viewBox%3D%270%200%201000%20667%27%3E%3Crect%20width%3D%271000%27%20height%3D%27667%27%20fill-opacity%3D%220%22%2F%3E%3C%2Fsvg%3E\" class=\"attachment-blog-medium size-blog-medium lazyload\" alt=\"\" data-orig-src=\"https:\/\/arsmagna.live\/wp-content\/uploads\/2018\/10\/tumba-maria2-320x202.jpg\" \/><\/a><\/div><\/div><\/div><div class=\"swiper-slide\"><div class=\"fusion-carousel-item-wrapper\"><div class=\"fusion-image-wrapper hover-type-zoomin\"><a data-rel=\"iLightbox[image_carousel_1]\" data-title=\"tumba-reina-maria-modelado-3d-baja\" aria-label=\"tumba-reina-maria-modelado-3d-baja\" href=\"https:\/\/arsmagna.live\/wp-content\/uploads\/2018\/10\/tumba-reina-maria-modelado-3d-baja.jpg\" target=\"_self\"><img decoding=\"async\" width=\"320\" height=\"202\" src=\"data:image\/svg+xml,%3Csvg%20xmlns%3D%27http%3A%2F%2Fwww.w3.org%2F2000%2Fsvg%27%20width%3D%271000%27%20height%3D%27667%27%20viewBox%3D%270%200%201000%20667%27%3E%3Crect%20width%3D%271000%27%20height%3D%27667%27%20fill-opacity%3D%220%22%2F%3E%3C%2Fsvg%3E\" class=\"attachment-blog-medium size-blog-medium lazyload\" alt=\"\" data-orig-src=\"https:\/\/arsmagna.live\/wp-content\/uploads\/2018\/10\/tumba-reina-maria-modelado-3d-baja-320x202.jpg\" \/><\/a><\/div><\/div><\/div><div class=\"swiper-slide\"><div class=\"fusion-carousel-item-wrapper\"><div class=\"fusion-image-wrapper hover-type-zoomin\"><a data-rel=\"iLightbox[image_carousel_1]\" data-title=\"tumba-reina-maria-limpieza-quimica-selectiva3\" aria-label=\"tumba-reina-maria-limpieza-quimica-selectiva3\" href=\"https:\/\/arsmagna.live\/wp-content\/uploads\/2018\/10\/tumba-reina-maria-limpieza-quimica-selectiva3.jpg\" target=\"_self\"><img decoding=\"async\" width=\"320\" height=\"202\" src=\"data:image\/svg+xml,%3Csvg%20xmlns%3D%27http%3A%2F%2Fwww.w3.org%2F2000%2Fsvg%27%20width%3D%271000%27%20height%3D%27667%27%20viewBox%3D%270%200%201000%20667%27%3E%3Crect%20width%3D%271000%27%20height%3D%27667%27%20fill-opacity%3D%220%22%2F%3E%3C%2Fsvg%3E\" class=\"attachment-blog-medium size-blog-medium lazyload\" alt=\"\" data-orig-src=\"https:\/\/arsmagna.live\/wp-content\/uploads\/2018\/10\/tumba-reina-maria-limpieza-quimica-selectiva3-320x202.jpg\" \/><\/a><\/div><\/div><\/div><div class=\"swiper-slide\"><div class=\"fusion-carousel-item-wrapper\"><div class=\"fusion-image-wrapper hover-type-zoomin\"><a data-rel=\"iLightbox[image_carousel_1]\" data-title=\"tumba-reina-maria-escaneado-de-formas-y-texturas-baja\" aria-label=\"tumba-reina-maria-escaneado-de-formas-y-texturas-baja\" href=\"https:\/\/arsmagna.live\/wp-content\/uploads\/2018\/10\/tumba-reina-maria-escaneado-de-formas-y-texturas-baja.jpg\" target=\"_self\"><img decoding=\"async\" width=\"320\" height=\"202\" src=\"data:image\/svg+xml,%3Csvg%20xmlns%3D%27http%3A%2F%2Fwww.w3.org%2F2000%2Fsvg%27%20width%3D%271000%27%20height%3D%27667%27%20viewBox%3D%270%200%201000%20667%27%3E%3Crect%20width%3D%271000%27%20height%3D%27667%27%20fill-opacity%3D%220%22%2F%3E%3C%2Fsvg%3E\" class=\"attachment-blog-medium size-blog-medium lazyload\" alt=\"\" data-orig-src=\"https:\/\/arsmagna.live\/wp-content\/uploads\/2018\/10\/tumba-reina-maria-escaneado-de-formas-y-texturas-baja-320x202.jpg\" \/><\/a><\/div><\/div><\/div><div class=\"swiper-slide\"><div class=\"fusion-carousel-item-wrapper\"><div class=\"fusion-image-wrapper hover-type-zoomin\"><a data-rel=\"iLightbox[image_carousel_1]\" data-title=\"tumba-maria6\" aria-label=\"tumba-maria6\" href=\"https:\/\/arsmagna.live\/wp-content\/uploads\/2018\/10\/tumba-maria6.jpg\" target=\"_self\"><img decoding=\"async\" width=\"320\" height=\"202\" src=\"data:image\/svg+xml,%3Csvg%20xmlns%3D%27http%3A%2F%2Fwww.w3.org%2F2000%2Fsvg%27%20width%3D%271000%27%20height%3D%27667%27%20viewBox%3D%270%200%201000%20667%27%3E%3Crect%20width%3D%271000%27%20height%3D%27667%27%20fill-opacity%3D%220%22%2F%3E%3C%2Fsvg%3E\" class=\"attachment-blog-medium size-blog-medium lazyload\" alt=\"\" data-orig-src=\"https:\/\/arsmagna.live\/wp-content\/uploads\/2018\/10\/tumba-maria6-320x202.jpg\" \/><\/a><\/div><\/div><\/div><\/div><div class=\"awb-swiper-button awb-swiper-button-prev\"><i class=\"awb-icon-angle-left\" aria-hidden=\"true\"><\/i><\/div><div class=\"awb-swiper-button awb-swiper-button-next\"><i class=\"awb-icon-angle-right\" aria-hidden=\"true\"><\/i><\/div><\/div><\/div>\n<div>\n<div>\n<div>\n<p>\u201c[\u2026]El sepulcre de la Reina Maria es troba encara a la cap\u00e7alera de l&#8217;esgl\u00e9sia, per\u00f2 no al seu interior, sin\u00f3 en la part que d\u00f3na al claustre i, per tant, dins de la clausura mon\u00e0stica, expressant clarament el desig de la reina de romandre amb les seues estimades monges. Enclavat sota una profunda arcada al c\u00f2ncau de la paret de l&#8217;esgl\u00e9sia, a la banda corresponent a l&#8217;evangeli, de manera que el cap de la reina recau al lloc de l&#8217;antiga capella de Sant Miquel i els peus cap a l&#8217;altar major [&#8230;]. El seu arcosoli est\u00e0 format per un arc conopial adornat amb sis cardines i rematat per un pom vegetal de fin\u00edssima llaura; als seus costats el flanquegen dos pinacles[\u2026].<\/p>\n<p>El sarc\u00f2fag exhibeix en el seu front tres escuts coronats i tancats en cercles: al centre, aquarterades en aspa, les armes d&#8217;Arag\u00f3 i de Sic\u00edlia, i en els dos immediats, aquestes unides a les de Castella, corresponent a la condici\u00f3 de la senyora Maria com a Reina d&#8217;Arag\u00f3 i Infanta de Castella. Tots ells estan prove\u00efts d&#8217;espl\u00e8ndides corones en ple volum, avui desgraciadament mutilades. Als extrems, dos cercles presenten baixos relleus amb un lliri de tres tiges i una olla fumejant sobre uns trespeus, s\u00edmbols potser de la Trinitat. Tots dos emblemes estan sostinguts per ef\u00edgies de lleons rampants. La composici\u00f3 i s\u00edmbols s\u00f3n molt expressius del gust de l&#8217;\u00e8poca pels emblemes i al\u00b7legories i apareixen tamb\u00e9 en el revers del segell de plom de certes butlles amb la concessi\u00f3 d&#8217;indulg\u00e8ncies a favor de les obres del monestir [&#8230;]. Tota aquesta tasca escult\u00f2rica extremadament minuciosa \u00e9s d&#8217;un gran virtuosisme i delicadesa[\u2026]\u201d<\/p>\n<\/div>\n<p>DANIEL BENITO GOERLICH,<em>\u00a0El Real Monasterio de la Sant\u00edsima Trinidad de Valencia: historia y arte.<\/em><\/p>\n<p><img decoding=\"async\" class=\"lazyload alignnone size-full wp-image-831\" src=\"https:\/\/arsmagna.live\/wp-content\/uploads\/2018\/10\/patrocinadores-monasterio-trinidad.jpg\" data-orig-src=\"https:\/\/arsmagna.live\/wp-content\/uploads\/2018\/10\/patrocinadores-monasterio-trinidad.jpg\" alt=\"\" width=\"1000\" height=\"215\" srcset=\"data:image\/svg+xml,%3Csvg%20xmlns%3D%27http%3A%2F%2Fwww.w3.org%2F2000%2Fsvg%27%20width%3D%271000%27%20height%3D%27215%27%20viewBox%3D%270%200%201000%20215%27%3E%3Crect%20width%3D%271000%27%20height%3D%27215%27%20fill-opacity%3D%220%22%2F%3E%3C%2Fsvg%3E\" data-srcset=\"https:\/\/arsmagna.live\/wp-content\/uploads\/2018\/10\/patrocinadores-monasterio-trinidad-200x43.jpg 200w, https:\/\/arsmagna.live\/wp-content\/uploads\/2018\/10\/patrocinadores-monasterio-trinidad-300x65.jpg 300w, https:\/\/arsmagna.live\/wp-content\/uploads\/2018\/10\/patrocinadores-monasterio-trinidad-400x86.jpg 400w, https:\/\/arsmagna.live\/wp-content\/uploads\/2018\/10\/patrocinadores-monasterio-trinidad-500x108.jpg 500w, https:\/\/arsmagna.live\/wp-content\/uploads\/2018\/10\/patrocinadores-monasterio-trinidad-600x129.jpg 600w, https:\/\/arsmagna.live\/wp-content\/uploads\/2018\/10\/patrocinadores-monasterio-trinidad-700x151.jpg 700w, https:\/\/arsmagna.live\/wp-content\/uploads\/2018\/10\/patrocinadores-monasterio-trinidad-768x165.jpg 768w, https:\/\/arsmagna.live\/wp-content\/uploads\/2018\/10\/patrocinadores-monasterio-trinidad-800x172.jpg 800w, https:\/\/arsmagna.live\/wp-content\/uploads\/2018\/10\/patrocinadores-monasterio-trinidad.jpg 1000w\" data-sizes=\"auto\" data-orig-sizes=\"(max-width: 1000px) 100vw, 1000px\" \/><\/p>\n<\/div>\n<\/div>\n","protected":false},"excerpt":{"rendered":"<p>El bell sarc\u00f2fag en pedra de la reina Maria de Castella, esposa d&#8217;Alfons V El Magn\u00e0nim i tia d&#8217;Isabel la Cat\u00f2lica, representa l&#8217;\u00fanica tomba reial ocupada a la Comunitat Valenciana i adquireix la seua singularitat per la seua especial construcci\u00f3  [&#8230;]<\/p>\n","protected":false},"author":1,"featured_media":1490,"comment_status":"closed","ping_status":"closed","sticky":false,"template":"","format":"standard","meta":{"footnotes":""},"categories":[92,101,39,96,44],"tags":[],"class_list":["post-1651","post","type-post","status-publish","format-standard","has-post-thumbnail","hentry","category-gestio-cultural","category-patrimoni","category-personajes-historicos","category-recerca","category-sense-categoria"],"yoast_head":"<!-- This site is optimized with the Yoast SEO plugin v27.4 - https:\/\/yoast.com\/product\/yoast-seo-wordpress\/ -->\n<title>Neteja i reconstrucci\u00f3 de la tomba de la reina Maria de Castella - ARS MAGNA<\/title>\n<meta name=\"description\" content=\"Producciones \u00fanicas en espacios \u00fanicos\" \/>\n<meta name=\"robots\" content=\"index, follow, max-snippet:-1, max-image-preview:large, max-video-preview:-1\" \/>\n<link rel=\"canonical\" href=\"https:\/\/arsmagna.live\/ca\/limpieza-y-reconstruccion-de-la-tumba-de-la-reina-maria-de-castilla\/\" \/>\n<meta property=\"og:locale\" content=\"ca_ES\" \/>\n<meta property=\"og:type\" content=\"article\" \/>\n<meta property=\"og:title\" content=\"Neteja i reconstrucci\u00f3 de la tomba de la reina Maria de Castella - ARS MAGNA\" \/>\n<meta property=\"og:description\" content=\"Producciones \u00fanicas en espacios \u00fanicos\" \/>\n<meta property=\"og:url\" content=\"https:\/\/arsmagna.live\/ca\/limpieza-y-reconstruccion-de-la-tumba-de-la-reina-maria-de-castilla\/\" \/>\n<meta property=\"og:site_name\" content=\"ARS MAGNA\" \/>\n<meta property=\"article:publisher\" content=\"https:\/\/www.facebook.com\/arsmagna10\/?ref=bookmarks\" \/>\n<meta property=\"article:published_time\" content=\"2018-10-08T13:58:38+00:00\" \/>\n<meta property=\"article:modified_time\" content=\"2018-10-26T14:54:38+00:00\" \/>\n<meta property=\"og:image\" content=\"https:\/\/arsmagna.live\/wp-content\/uploads\/2018\/10\/tumba-maria.jpg\" \/>\n\t<meta property=\"og:image:width\" content=\"1000\" \/>\n\t<meta property=\"og:image:height\" content=\"667\" \/>\n\t<meta property=\"og:image:type\" content=\"image\/jpeg\" \/>\n<meta name=\"author\" content=\"FENIX\" \/>\n<meta name=\"twitter:card\" content=\"summary_large_image\" \/>\n<meta name=\"twitter:creator\" content=\"@ValArsMagna\" \/>\n<meta name=\"twitter:site\" content=\"@ValArsMagna\" \/>\n<meta name=\"twitter:label1\" content=\"Escrit per\" \/>\n\t<meta name=\"twitter:data1\" content=\"FENIX\" \/>\n\t<meta name=\"twitter:label2\" content=\"Temps estimat de lectura\" \/>\n\t<meta name=\"twitter:data2\" content=\"3 minuts\" \/>\n<script type=\"application\/ld+json\" class=\"yoast-schema-graph\">{\"@context\":\"https:\\\/\\\/schema.org\",\"@graph\":[{\"@type\":\"Article\",\"@id\":\"https:\\\/\\\/arsmagna.live\\\/ca\\\/limpieza-y-reconstruccion-de-la-tumba-de-la-reina-maria-de-castilla\\\/#article\",\"isPartOf\":{\"@id\":\"https:\\\/\\\/arsmagna.live\\\/ca\\\/limpieza-y-reconstruccion-de-la-tumba-de-la-reina-maria-de-castilla\\\/\"},\"author\":{\"name\":\"FENIX\",\"@id\":\"https:\\\/\\\/arsmagna.live\\\/ca\\\/#\\\/schema\\\/person\\\/a590ed4d8a62cd06da253d320c16adf1\"},\"headline\":\"Neteja i reconstrucci\u00f3 de la tomba de la reina Maria de Castella\",\"datePublished\":\"2018-10-08T13:58:38+00:00\",\"dateModified\":\"2018-10-26T14:54:38+00:00\",\"mainEntityOfPage\":{\"@id\":\"https:\\\/\\\/arsmagna.live\\\/ca\\\/limpieza-y-reconstruccion-de-la-tumba-de-la-reina-maria-de-castilla\\\/\"},\"wordCount\":631,\"publisher\":{\"@id\":\"https:\\\/\\\/arsmagna.live\\\/ca\\\/#organization\"},\"image\":{\"@id\":\"https:\\\/\\\/arsmagna.live\\\/ca\\\/limpieza-y-reconstruccion-de-la-tumba-de-la-reina-maria-de-castilla\\\/#primaryimage\"},\"thumbnailUrl\":\"https:\\\/\\\/arsmagna.live\\\/wp-content\\\/uploads\\\/2018\\\/10\\\/tumba-maria.jpg\",\"articleSection\":[\"Gesti\u00f3 cultural\",\"Patrimoni\",\"Personajes hist\u00f3ricos\",\"Recerca\"],\"inLanguage\":\"ca\"},{\"@type\":\"WebPage\",\"@id\":\"https:\\\/\\\/arsmagna.live\\\/ca\\\/limpieza-y-reconstruccion-de-la-tumba-de-la-reina-maria-de-castilla\\\/\",\"url\":\"https:\\\/\\\/arsmagna.live\\\/ca\\\/limpieza-y-reconstruccion-de-la-tumba-de-la-reina-maria-de-castilla\\\/\",\"name\":\"Neteja i reconstrucci\u00f3 de la tomba de la reina Maria de Castella - ARS MAGNA\",\"isPartOf\":{\"@id\":\"https:\\\/\\\/arsmagna.live\\\/ca\\\/#website\"},\"primaryImageOfPage\":{\"@id\":\"https:\\\/\\\/arsmagna.live\\\/ca\\\/limpieza-y-reconstruccion-de-la-tumba-de-la-reina-maria-de-castilla\\\/#primaryimage\"},\"image\":{\"@id\":\"https:\\\/\\\/arsmagna.live\\\/ca\\\/limpieza-y-reconstruccion-de-la-tumba-de-la-reina-maria-de-castilla\\\/#primaryimage\"},\"thumbnailUrl\":\"https:\\\/\\\/arsmagna.live\\\/wp-content\\\/uploads\\\/2018\\\/10\\\/tumba-maria.jpg\",\"datePublished\":\"2018-10-08T13:58:38+00:00\",\"dateModified\":\"2018-10-26T14:54:38+00:00\",\"description\":\"Producciones \u00fanicas en espacios \u00fanicos\",\"breadcrumb\":{\"@id\":\"https:\\\/\\\/arsmagna.live\\\/ca\\\/limpieza-y-reconstruccion-de-la-tumba-de-la-reina-maria-de-castilla\\\/#breadcrumb\"},\"inLanguage\":\"ca\",\"potentialAction\":[{\"@type\":\"ReadAction\",\"target\":[\"https:\\\/\\\/arsmagna.live\\\/ca\\\/limpieza-y-reconstruccion-de-la-tumba-de-la-reina-maria-de-castilla\\\/\"]}]},{\"@type\":\"ImageObject\",\"inLanguage\":\"ca\",\"@id\":\"https:\\\/\\\/arsmagna.live\\\/ca\\\/limpieza-y-reconstruccion-de-la-tumba-de-la-reina-maria-de-castilla\\\/#primaryimage\",\"url\":\"https:\\\/\\\/arsmagna.live\\\/wp-content\\\/uploads\\\/2018\\\/10\\\/tumba-maria.jpg\",\"contentUrl\":\"https:\\\/\\\/arsmagna.live\\\/wp-content\\\/uploads\\\/2018\\\/10\\\/tumba-maria.jpg\",\"width\":1000,\"height\":667},{\"@type\":\"BreadcrumbList\",\"@id\":\"https:\\\/\\\/arsmagna.live\\\/ca\\\/limpieza-y-reconstruccion-de-la-tumba-de-la-reina-maria-de-castilla\\\/#breadcrumb\",\"itemListElement\":[{\"@type\":\"ListItem\",\"position\":1,\"name\":\"Portada\",\"item\":\"https:\\\/\\\/arsmagna.live\\\/ca\\\/\"},{\"@type\":\"ListItem\",\"position\":2,\"name\":\"Neteja i reconstrucci\u00f3 de la tomba de la reina Maria de Castella\"}]},{\"@type\":\"WebSite\",\"@id\":\"https:\\\/\\\/arsmagna.live\\\/ca\\\/#website\",\"url\":\"https:\\\/\\\/arsmagna.live\\\/ca\\\/\",\"name\":\"ARS MAGNA\",\"description\":\"Spectacle vivant\",\"publisher\":{\"@id\":\"https:\\\/\\\/arsmagna.live\\\/ca\\\/#organization\"},\"potentialAction\":[{\"@type\":\"SearchAction\",\"target\":{\"@type\":\"EntryPoint\",\"urlTemplate\":\"https:\\\/\\\/arsmagna.live\\\/ca\\\/?s={search_term_string}\"},\"query-input\":{\"@type\":\"PropertyValueSpecification\",\"valueRequired\":true,\"valueName\":\"search_term_string\"}}],\"inLanguage\":\"ca\"},{\"@type\":\"Organization\",\"@id\":\"https:\\\/\\\/arsmagna.live\\\/ca\\\/#organization\",\"name\":\"ARS MAGNA\",\"url\":\"https:\\\/\\\/arsmagna.live\\\/ca\\\/\",\"logo\":{\"@type\":\"ImageObject\",\"inLanguage\":\"ca\",\"@id\":\"https:\\\/\\\/arsmagna.live\\\/ca\\\/#\\\/schema\\\/logo\\\/image\\\/\",\"url\":\"https:\\\/\\\/arsmagna.live\\\/wp-content\\\/uploads\\\/2025\\\/03\\\/Ars-Magna.png\",\"contentUrl\":\"https:\\\/\\\/arsmagna.live\\\/wp-content\\\/uploads\\\/2025\\\/03\\\/Ars-Magna.png\",\"width\":64,\"height\":64,\"caption\":\"ARS MAGNA\"},\"image\":{\"@id\":\"https:\\\/\\\/arsmagna.live\\\/ca\\\/#\\\/schema\\\/logo\\\/image\\\/\"},\"sameAs\":[\"https:\\\/\\\/www.facebook.com\\\/arsmagna10\\\/?ref=bookmarks\",\"https:\\\/\\\/x.com\\\/ValArsMagna\"]},{\"@type\":\"Person\",\"@id\":\"https:\\\/\\\/arsmagna.live\\\/ca\\\/#\\\/schema\\\/person\\\/a590ed4d8a62cd06da253d320c16adf1\",\"name\":\"FENIX\",\"image\":{\"@type\":\"ImageObject\",\"inLanguage\":\"ca\",\"@id\":\"https:\\\/\\\/secure.gravatar.com\\\/avatar\\\/5a86a8c6d6c200d291a0ec60dc2e36ca01128b854aeaab9fa46430a51644e2ff?s=96&d=mm&r=g\",\"url\":\"https:\\\/\\\/secure.gravatar.com\\\/avatar\\\/5a86a8c6d6c200d291a0ec60dc2e36ca01128b854aeaab9fa46430a51644e2ff?s=96&d=mm&r=g\",\"contentUrl\":\"https:\\\/\\\/secure.gravatar.com\\\/avatar\\\/5a86a8c6d6c200d291a0ec60dc2e36ca01128b854aeaab9fa46430a51644e2ff?s=96&d=mm&r=g\",\"caption\":\"FENIX\"}}]}<\/script>\n<!-- \/ Yoast SEO plugin. -->","yoast_head_json":{"title":"Neteja i reconstrucci\u00f3 de la tomba de la reina Maria de Castella - ARS MAGNA","description":"Producciones \u00fanicas en espacios \u00fanicos","robots":{"index":"index","follow":"follow","max-snippet":"max-snippet:-1","max-image-preview":"max-image-preview:large","max-video-preview":"max-video-preview:-1"},"canonical":"https:\/\/arsmagna.live\/ca\/limpieza-y-reconstruccion-de-la-tumba-de-la-reina-maria-de-castilla\/","og_locale":"ca_ES","og_type":"article","og_title":"Neteja i reconstrucci\u00f3 de la tomba de la reina Maria de Castella - ARS MAGNA","og_description":"Producciones \u00fanicas en espacios \u00fanicos","og_url":"https:\/\/arsmagna.live\/ca\/limpieza-y-reconstruccion-de-la-tumba-de-la-reina-maria-de-castilla\/","og_site_name":"ARS MAGNA","article_publisher":"https:\/\/www.facebook.com\/arsmagna10\/?ref=bookmarks","article_published_time":"2018-10-08T13:58:38+00:00","article_modified_time":"2018-10-26T14:54:38+00:00","og_image":[{"width":1000,"height":667,"url":"https:\/\/arsmagna.live\/wp-content\/uploads\/2018\/10\/tumba-maria.jpg","type":"image\/jpeg"}],"author":"FENIX","twitter_card":"summary_large_image","twitter_creator":"@ValArsMagna","twitter_site":"@ValArsMagna","twitter_misc":{"Escrit per":"FENIX","Temps estimat de lectura":"3 minuts"},"schema":{"@context":"https:\/\/schema.org","@graph":[{"@type":"Article","@id":"https:\/\/arsmagna.live\/ca\/limpieza-y-reconstruccion-de-la-tumba-de-la-reina-maria-de-castilla\/#article","isPartOf":{"@id":"https:\/\/arsmagna.live\/ca\/limpieza-y-reconstruccion-de-la-tumba-de-la-reina-maria-de-castilla\/"},"author":{"name":"FENIX","@id":"https:\/\/arsmagna.live\/ca\/#\/schema\/person\/a590ed4d8a62cd06da253d320c16adf1"},"headline":"Neteja i reconstrucci\u00f3 de la tomba de la reina Maria de Castella","datePublished":"2018-10-08T13:58:38+00:00","dateModified":"2018-10-26T14:54:38+00:00","mainEntityOfPage":{"@id":"https:\/\/arsmagna.live\/ca\/limpieza-y-reconstruccion-de-la-tumba-de-la-reina-maria-de-castilla\/"},"wordCount":631,"publisher":{"@id":"https:\/\/arsmagna.live\/ca\/#organization"},"image":{"@id":"https:\/\/arsmagna.live\/ca\/limpieza-y-reconstruccion-de-la-tumba-de-la-reina-maria-de-castilla\/#primaryimage"},"thumbnailUrl":"https:\/\/arsmagna.live\/wp-content\/uploads\/2018\/10\/tumba-maria.jpg","articleSection":["Gesti\u00f3 cultural","Patrimoni","Personajes hist\u00f3ricos","Recerca"],"inLanguage":"ca"},{"@type":"WebPage","@id":"https:\/\/arsmagna.live\/ca\/limpieza-y-reconstruccion-de-la-tumba-de-la-reina-maria-de-castilla\/","url":"https:\/\/arsmagna.live\/ca\/limpieza-y-reconstruccion-de-la-tumba-de-la-reina-maria-de-castilla\/","name":"Neteja i reconstrucci\u00f3 de la tomba de la reina Maria de Castella - ARS MAGNA","isPartOf":{"@id":"https:\/\/arsmagna.live\/ca\/#website"},"primaryImageOfPage":{"@id":"https:\/\/arsmagna.live\/ca\/limpieza-y-reconstruccion-de-la-tumba-de-la-reina-maria-de-castilla\/#primaryimage"},"image":{"@id":"https:\/\/arsmagna.live\/ca\/limpieza-y-reconstruccion-de-la-tumba-de-la-reina-maria-de-castilla\/#primaryimage"},"thumbnailUrl":"https:\/\/arsmagna.live\/wp-content\/uploads\/2018\/10\/tumba-maria.jpg","datePublished":"2018-10-08T13:58:38+00:00","dateModified":"2018-10-26T14:54:38+00:00","description":"Producciones \u00fanicas en espacios \u00fanicos","breadcrumb":{"@id":"https:\/\/arsmagna.live\/ca\/limpieza-y-reconstruccion-de-la-tumba-de-la-reina-maria-de-castilla\/#breadcrumb"},"inLanguage":"ca","potentialAction":[{"@type":"ReadAction","target":["https:\/\/arsmagna.live\/ca\/limpieza-y-reconstruccion-de-la-tumba-de-la-reina-maria-de-castilla\/"]}]},{"@type":"ImageObject","inLanguage":"ca","@id":"https:\/\/arsmagna.live\/ca\/limpieza-y-reconstruccion-de-la-tumba-de-la-reina-maria-de-castilla\/#primaryimage","url":"https:\/\/arsmagna.live\/wp-content\/uploads\/2018\/10\/tumba-maria.jpg","contentUrl":"https:\/\/arsmagna.live\/wp-content\/uploads\/2018\/10\/tumba-maria.jpg","width":1000,"height":667},{"@type":"BreadcrumbList","@id":"https:\/\/arsmagna.live\/ca\/limpieza-y-reconstruccion-de-la-tumba-de-la-reina-maria-de-castilla\/#breadcrumb","itemListElement":[{"@type":"ListItem","position":1,"name":"Portada","item":"https:\/\/arsmagna.live\/ca\/"},{"@type":"ListItem","position":2,"name":"Neteja i reconstrucci\u00f3 de la tomba de la reina Maria de Castella"}]},{"@type":"WebSite","@id":"https:\/\/arsmagna.live\/ca\/#website","url":"https:\/\/arsmagna.live\/ca\/","name":"ARS MAGNA","description":"Spectacle vivant","publisher":{"@id":"https:\/\/arsmagna.live\/ca\/#organization"},"potentialAction":[{"@type":"SearchAction","target":{"@type":"EntryPoint","urlTemplate":"https:\/\/arsmagna.live\/ca\/?s={search_term_string}"},"query-input":{"@type":"PropertyValueSpecification","valueRequired":true,"valueName":"search_term_string"}}],"inLanguage":"ca"},{"@type":"Organization","@id":"https:\/\/arsmagna.live\/ca\/#organization","name":"ARS MAGNA","url":"https:\/\/arsmagna.live\/ca\/","logo":{"@type":"ImageObject","inLanguage":"ca","@id":"https:\/\/arsmagna.live\/ca\/#\/schema\/logo\/image\/","url":"https:\/\/arsmagna.live\/wp-content\/uploads\/2025\/03\/Ars-Magna.png","contentUrl":"https:\/\/arsmagna.live\/wp-content\/uploads\/2025\/03\/Ars-Magna.png","width":64,"height":64,"caption":"ARS MAGNA"},"image":{"@id":"https:\/\/arsmagna.live\/ca\/#\/schema\/logo\/image\/"},"sameAs":["https:\/\/www.facebook.com\/arsmagna10\/?ref=bookmarks","https:\/\/x.com\/ValArsMagna"]},{"@type":"Person","@id":"https:\/\/arsmagna.live\/ca\/#\/schema\/person\/a590ed4d8a62cd06da253d320c16adf1","name":"FENIX","image":{"@type":"ImageObject","inLanguage":"ca","@id":"https:\/\/secure.gravatar.com\/avatar\/5a86a8c6d6c200d291a0ec60dc2e36ca01128b854aeaab9fa46430a51644e2ff?s=96&d=mm&r=g","url":"https:\/\/secure.gravatar.com\/avatar\/5a86a8c6d6c200d291a0ec60dc2e36ca01128b854aeaab9fa46430a51644e2ff?s=96&d=mm&r=g","contentUrl":"https:\/\/secure.gravatar.com\/avatar\/5a86a8c6d6c200d291a0ec60dc2e36ca01128b854aeaab9fa46430a51644e2ff?s=96&d=mm&r=g","caption":"FENIX"}}]}},"_links":{"self":[{"href":"https:\/\/arsmagna.live\/ca\/wp-json\/wp\/v2\/posts\/1651","targetHints":{"allow":["GET"]}}],"collection":[{"href":"https:\/\/arsmagna.live\/ca\/wp-json\/wp\/v2\/posts"}],"about":[{"href":"https:\/\/arsmagna.live\/ca\/wp-json\/wp\/v2\/types\/post"}],"author":[{"embeddable":true,"href":"https:\/\/arsmagna.live\/ca\/wp-json\/wp\/v2\/users\/1"}],"replies":[{"embeddable":true,"href":"https:\/\/arsmagna.live\/ca\/wp-json\/wp\/v2\/comments?post=1651"}],"version-history":[{"count":5,"href":"https:\/\/arsmagna.live\/ca\/wp-json\/wp\/v2\/posts\/1651\/revisions"}],"predecessor-version":[{"id":3529,"href":"https:\/\/arsmagna.live\/ca\/wp-json\/wp\/v2\/posts\/1651\/revisions\/3529"}],"wp:featuredmedia":[{"embeddable":true,"href":"https:\/\/arsmagna.live\/ca\/wp-json\/wp\/v2\/media\/1490"}],"wp:attachment":[{"href":"https:\/\/arsmagna.live\/ca\/wp-json\/wp\/v2\/media?parent=1651"}],"wp:term":[{"taxonomy":"category","embeddable":true,"href":"https:\/\/arsmagna.live\/ca\/wp-json\/wp\/v2\/categories?post=1651"},{"taxonomy":"post_tag","embeddable":true,"href":"https:\/\/arsmagna.live\/ca\/wp-json\/wp\/v2\/tags?post=1651"}],"curies":[{"name":"wp","href":"https:\/\/api.w.org\/{rel}","templated":true}]}}